{"id":2908,"date":"2026-01-15T16:30:06","date_gmt":"2026-01-15T16:30:06","guid":{"rendered":"https:\/\/wpsite.osflk-livno.com\/?p=2908"},"modified":"2026-01-18T21:24:08","modified_gmt":"2026-01-18T21:24:08","slug":"svecana-manifestacija-dodjele-nagrada-najboljim-ucenicima-osnovnih-i-srednjih-skola-u-federaciji-bosne-i-hercegovine-za-skolsku-2024-2025-godinu","status":"publish","type":"post","link":"http:\/\/wpsite.osflk-livno.com\/index.php\/2026\/01\/15\/svecana-manifestacija-dodjele-nagrada-najboljim-ucenicima-osnovnih-i-srednjih-skola-u-federaciji-bosne-i-hercegovine-za-skolsku-2024-2025-godinu\/","title":{"rendered":"Sve\u010dana manifestacija dodjele nagrada najboljim u\u010denicima osnovnih i srednjih \u0161kola u Federaciji Bosne i Hercegovine za \u0161kolsku 2024.\/2025. godinu"},"content":{"rendered":"\n<figure class=\"wp-block-image size-large\"><img loading=\"lazy\" width=\"576\" height=\"1024\" src=\"https:\/\/wpsite.osflk-livno.com\/wp-content\/uploads\/2026\/01\/inbound1255819840903554879-576x1024.jpg\" alt=\"\" class=\"wp-image-2909\" srcset=\"http:\/\/wpsite.osflk-livno.com\/wp-content\/uploads\/2026\/01\/inbound1255819840903554879-576x1024.jpg 576w, http:\/\/wpsite.osflk-livno.com\/wp-content\/uploads\/2026\/01\/inbound1255819840903554879-169x300.jpg 169w, http:\/\/wpsite.osflk-livno.com\/wp-content\/uploads\/2026\/01\/inbound1255819840903554879-768x1365.jpg 768w, http:\/\/wpsite.osflk-livno.com\/wp-content\/uploads\/2026\/01\/inbound1255819840903554879-864x1536.jpg 864w, http:\/\/wpsite.osflk-livno.com\/wp-content\/uploads\/2026\/01\/inbound1255819840903554879.jpg 1148w\" sizes=\"(max-width: 576px) 100vw, 576px\" \/><\/figure>\n\n\n\n<p>U organizaciji Federalnog ministarstva obrazovanja i znanosti, 15. 12. 2025. godine u Mostaru je odr\u017eana sve\u010dana manifestacija dodjele nagrada najboljim u\u010denicima osnovnih i srednjih \u0161kola u Federaciji Bosne i Hercegovine za \u0161kolsku 2024.\/2025. godinu. Tom prigodom federalna ministrica Jasna Durakovi\u0107 uru\u010dila je diplome i nagrade za 54 u\u010denika osnovnih i srednjih \u0161kola.Nagrade su dodijeljene u\u010denicima koji su se istaknuli izuzetnim uspjehom u u\u010denju, zapa\u017eenim rezultatima na doma\u0107im i me\u0111unarodnim natjecanjima te aktivnim anga\u017emanom u \u0161kolskim i izvan\u0161kolskim aktivnostima. Me\u0111u nagra\u0111enima je i Maria Ursa, u\u010denica 9. razreda na\u0161e \u0161kole, P\u0160 Priluka.\u010cestitamo na\u0161oj u\u010denici na ovom izuzetnom uspjehu, kao i njezinim roditeljima i nastavnicima koji su joj bili stalna podr\u0161ka na putu do ovog priznanja. Vjerujemo da je ovo samo jedan u nizu uspjeha koji je o\u010dekuju u budu\u0107nosti te da \u0107e i dalje biti ponos na\u0161e \u0161kole i lokalne zajednice.Tako\u0111er, uru\u010dena su priznanja i \u0161kolama koje se posebno isti\u010du u prepoznavanju, poticanju i razvoju talentiranih u\u010denika. Priznanje je dodijeljeno i na\u0161oj \u0161koli, \u010diji u\u010denici u kontinuitetu od 2021. godine osvajaju ovu presti\u017enu nagradu.Naime, za \u0161kolsku 2020.\/2021. godinu nagradu je osvojila u\u010denica Karla Ursa. Za postignu\u0107a u \u0161kolskoj 2021.\/2022. godini nagra\u0111eni su u\u010denici Lucija Jurani\u0107 i Nino \u0160eremet. U \u0161kolskoj 2022.\/2023. godini nagrade su osvojili u\u010denici Franka Karaula i Mihael Mihaljevi\u0107, dok su za postignu\u0107a u \u0161kolskoj 2023.\/2024. godini nagra\u0111eni Mateo Marijan i Marko I\u0161tuk.Sve ove nagrade potvrda su vi\u0161egodi\u0161njeg predanog rada, truda i zalaganja u\u010denika i nastavnika na\u0161e \u0161kole, kao i poticaj budu\u0107im generacijama da se predanost i ustrajnost u radu prepoznaju i cijene.<\/p>\n\n\n\n<figure class=\"wp-block-image size-large\"><img loading=\"lazy\" width=\"576\" height=\"1024\" src=\"https:\/\/wpsite.osflk-livno.com\/wp-content\/uploads\/2026\/01\/inbound5817790324690983944-576x1024.jpg\" alt=\"\" class=\"wp-image-2910\" srcset=\"http:\/\/wpsite.osflk-livno.com\/wp-content\/uploads\/2026\/01\/inbound5817790324690983944-576x1024.jpg 576w, http:\/\/wpsite.osflk-livno.com\/wp-content\/uploads\/2026\/01\/inbound5817790324690983944-169x300.jpg 169w, http:\/\/wpsite.osflk-livno.com\/wp-content\/uploads\/2026\/01\/inbound5817790324690983944-768x1365.jpg 768w, http:\/\/wpsite.osflk-livno.com\/wp-content\/uploads\/2026\/01\/inbound5817790324690983944-864x1536.jpg 864w, http:\/\/wpsite.osflk-livno.com\/wp-content\/uploads\/2026\/01\/inbound5817790324690983944.jpg 1148w\" sizes=\"(max-width: 576px) 100vw, 576px\" \/><\/figure>\n\n\n\n<figure class=\"wp-block-gallery has-nested-images columns-default is-cropped\">\n<figure class=\"wp-block-image size-large\"><img loading=\"lazy\" width=\"678\" height=\"1015\" data-id=\"2911\"  src=\"https:\/\/wpsite.osflk-livno.com\/wp-content\/uploads\/2026\/01\/inbound3875185472226664478.jpg\" alt=\"\" class=\"wp-image-2911\" srcset=\"http:\/\/wpsite.osflk-livno.com\/wp-content\/uploads\/2026\/01\/inbound3875185472226664478.jpg 678w, http:\/\/wpsite.osflk-livno.com\/wp-content\/uploads\/2026\/01\/inbound3875185472226664478-200x300.jpg 200w\" sizes=\"(max-width: 678px) 100vw, 678px\" \/><\/figure>\n\n\n\n<figure class=\"wp-block-image size-large\"><img loading=\"lazy\" width=\"771\" height=\"1024\" data-id=\"2912\"  src=\"https:\/\/wpsite.osflk-livno.com\/wp-content\/uploads\/2026\/01\/inbound5627245149063120965-771x1024.jpg\" alt=\"\" class=\"wp-image-2912\" srcset=\"http:\/\/wpsite.osflk-livno.com\/wp-content\/uploads\/2026\/01\/inbound5627245149063120965-771x1024.jpg 771w, http:\/\/wpsite.osflk-livno.com\/wp-content\/uploads\/2026\/01\/inbound5627245149063120965-226x300.jpg 226w, http:\/\/wpsite.osflk-livno.com\/wp-content\/uploads\/2026\/01\/inbound5627245149063120965-768x1020.jpg 768w, http:\/\/wpsite.osflk-livno.com\/wp-content\/uploads\/2026\/01\/inbound5627245149063120965-1157x1536.jpg 1157w, http:\/\/wpsite.osflk-livno.com\/wp-content\/uploads\/2026\/01\/inbound5627245149063120965.jpg 1536w\" sizes=\"(max-width: 771px) 100vw, 771px\" \/><\/figure>\n<\/figure>\n","protected":false},"excerpt":{"rendered":"<p>U organizaciji Federalnog ministarstva obrazovanja i znanosti, 15. 12. 2025. godine u Mostaru je odr\u017eana sve\u010dana manifestacija dodjele nagrada najboljim u\u010denicima osnovnih i srednjih \u0161kola u Federaciji Bosne i Hercegovine za \u0161kolsku 2024.\/2025. godinu. Tom prigodom federalna ministrica Jasna Durakovi\u0107 uru\u010dila je diplome i nagrade za 54 u\u010denika osnovnih i srednjih \u0161kola.Nagrade su dodijeljene u\u010denicima &hellip; <\/p>\n<p class=\"link-more\"><a href=\"http:\/\/wpsite.osflk-livno.com\/index.php\/2026\/01\/15\/svecana-manifestacija-dodjele-nagrada-najboljim-ucenicima-osnovnih-i-srednjih-skola-u-federaciji-bosne-i-hercegovine-za-skolsku-2024-2025-godinu\/\" class=\"more-link\">Read more<span class=\"screen-reader-text\"> &#8220;Sve\u010dana manifestacija dodjele nagrada najboljim u\u010denicima osnovnih i srednjih \u0161kola u Federaciji Bosne i Hercegovine za \u0161kolsku 2024.\/2025. godinu&#8221;<\/span><\/a><\/p>\n","protected":false},"author":1,"featured_media":0,"comment_status":"closed","ping_status":"open","sticky":false,"template":"","format":"standard","meta":[],"categories":[1],"tags":[],"_links":{"self":[{"href":"http:\/\/wpsite.osflk-livno.com\/index.php\/wp-json\/wp\/v2\/posts\/2908"}],"collection":[{"href":"http:\/\/wpsite.osflk-livno.com\/index.php\/wp-json\/wp\/v2\/posts"}],"about":[{"href":"http:\/\/wpsite.osflk-livno.com\/index.php\/wp-json\/wp\/v2\/types\/post"}],"author":[{"embeddable":true,"href":"http:\/\/wpsite.osflk-livno.com\/index.php\/wp-json\/wp\/v2\/users\/1"}],"replies":[{"embeddable":true,"href":"http:\/\/wpsite.osflk-livno.com\/index.php\/wp-json\/wp\/v2\/comments?post=2908"}],"version-history":[{"count":2,"href":"http:\/\/wpsite.osflk-livno.com\/index.php\/wp-json\/wp\/v2\/posts\/2908\/revisions"}],"predecessor-version":[{"id":2914,"href":"http:\/\/wpsite.osflk-livno.com\/index.php\/wp-json\/wp\/v2\/posts\/2908\/revisions\/2914"}],"wp:attachment":[{"href":"http:\/\/wpsite.osflk-livno.com\/index.php\/wp-json\/wp\/v2\/media?parent=2908"}],"wp:term":[{"taxonomy":"category","embeddable":true,"href":"http:\/\/wpsite.osflk-livno.com\/index.php\/wp-json\/wp\/v2\/categories?post=2908"},{"taxonomy":"post_tag","embeddable":true,"href":"http:\/\/wpsite.osflk-livno.com\/index.php\/wp-json\/wp\/v2\/tags?post=2908"}],"curies":[{"name":"wp","href":"https:\/\/api.w.org\/{rel}","templated":true}]}}