{"id":2874,"date":"2025-08-26T20:11:19","date_gmt":"2025-08-26T20:11:19","guid":{"rendered":"https:\/\/wpsite.osflk-livno.com\/?p=2874"},"modified":"2025-08-26T20:15:46","modified_gmt":"2025-08-26T20:15:46","slug":"zahvala-opcinskom-sudu-u-livnu","status":"publish","type":"post","link":"http:\/\/wpsite.osflk-livno.com\/index.php\/2025\/08\/26\/zahvala-opcinskom-sudu-u-livnu\/","title":{"rendered":"Zahvala Op\u0107inskom sudu u Livnu"},"content":{"rendered":"\n<figure class=\"wp-block-image size-full is-resized\"><img loading=\"lazy\" src=\"https:\/\/wpsite.osflk-livno.com\/wp-content\/uploads\/2025\/08\/inbound2424120066628660536.jpg\" alt=\"\" class=\"wp-image-2875\" width=\"314\" height=\"154\"\/><\/figure>\n\n\n\n<p>Osnovna \u0161kola \u201c<strong>Fra Lovro Karaula\u201d P\u0160 Vido\u0161i<\/strong> izra\u017eava iskrenu zahvalnost Op\u0107inskom sudu u Livnu na vrijednoj donaciji ra\u010dunalne opreme koja \u0107e zna\u010dajno unaprijediti nastavni proces i omogu\u0107iti u\u010denicima uspje\u0161nije u\u010denje uporabom modernih tehnologija. Ovaj, hvale vrijedan, \u010din potvr\u0111uje va\u017enost zajedni\u010dke brige za odgoj i obrazovanje djece te izgradnju bolje budu\u0107nosti na\u0161e zajednice. Hvala svima koji podr\u017eavaju rad na\u0161e \u0161kole i ula\u017eu u znanje i razvoj mladih nara\u0161taja.<\/p>\n\n\n\n<p class=\"has-text-align-right\"><strong>Uprava \u0161kole<\/strong> <\/p>\n","protected":false},"excerpt":{"rendered":"<p>Osnovna \u0161kola \u201cFra Lovro Karaula\u201d P\u0160 Vido\u0161i izra\u017eava iskrenu zahvalnost Op\u0107inskom sudu u Livnu na vrijednoj donaciji ra\u010dunalne opreme koja \u0107e zna\u010dajno unaprijediti nastavni proces i omogu\u0107iti u\u010denicima uspje\u0161nije u\u010denje uporabom modernih tehnologija. Ovaj, hvale vrijedan, \u010din potvr\u0111uje va\u017enost zajedni\u010dke brige za odgoj i obrazovanje djece te izgradnju bolje budu\u0107nosti na\u0161e zajednice. Hvala svima koji &hellip; <\/p>\n<p class=\"link-more\"><a href=\"http:\/\/wpsite.osflk-livno.com\/index.php\/2025\/08\/26\/zahvala-opcinskom-sudu-u-livnu\/\" class=\"more-link\">Read more<span class=\"screen-reader-text\"> &#8220;Zahvala Op\u0107inskom sudu u Livnu&#8221;<\/span><\/a><\/p>\n","protected":false},"author":1,"featured_media":0,"comment_status":"closed","ping_status":"open","sticky":false,"template":"","format":"standard","meta":[],"categories":[1],"tags":[],"_links":{"self":[{"href":"http:\/\/wpsite.osflk-livno.com\/index.php\/wp-json\/wp\/v2\/posts\/2874"}],"collection":[{"href":"http:\/\/wpsite.osflk-livno.com\/index.php\/wp-json\/wp\/v2\/posts"}],"about":[{"href":"http:\/\/wpsite.osflk-livno.com\/index.php\/wp-json\/wp\/v2\/types\/post"}],"author":[{"embeddable":true,"href":"http:\/\/wpsite.osflk-livno.com\/index.php\/wp-json\/wp\/v2\/users\/1"}],"replies":[{"embeddable":true,"href":"http:\/\/wpsite.osflk-livno.com\/index.php\/wp-json\/wp\/v2\/comments?post=2874"}],"version-history":[{"count":2,"href":"http:\/\/wpsite.osflk-livno.com\/index.php\/wp-json\/wp\/v2\/posts\/2874\/revisions"}],"predecessor-version":[{"id":2877,"href":"http:\/\/wpsite.osflk-livno.com\/index.php\/wp-json\/wp\/v2\/posts\/2874\/revisions\/2877"}],"wp:attachment":[{"href":"http:\/\/wpsite.osflk-livno.com\/index.php\/wp-json\/wp\/v2\/media?parent=2874"}],"wp:term":[{"taxonomy":"category","embeddable":true,"href":"http:\/\/wpsite.osflk-livno.com\/index.php\/wp-json\/wp\/v2\/categories?post=2874"},{"taxonomy":"post_tag","embeddable":true,"href":"http:\/\/wpsite.osflk-livno.com\/index.php\/wp-json\/wp\/v2\/tags?post=2874"}],"curies":[{"name":"wp","href":"https:\/\/api.w.org\/{rel}","templated":true}]}}