{"id":2584,"date":"2025-04-02T08:03:28","date_gmt":"2025-04-02T08:03:28","guid":{"rendered":"https:\/\/wpsite.osflk-livno.com\/?p=2584"},"modified":"2025-04-02T10:12:12","modified_gmt":"2025-04-02T10:12:12","slug":"svjetski-dan-svjesnosti-o-autizmu","status":"publish","type":"post","link":"http:\/\/wpsite.osflk-livno.com\/index.php\/2025\/04\/02\/svjetski-dan-svjesnosti-o-autizmu\/","title":{"rendered":"Svjetski dan svjesnosti o autizmu"},"content":{"rendered":"\n<p>Povodom SVJETSKOG DANA SVJESNOSTI O AUTIZMU, ju\u010der je odr\u017eano predavanje na temu Autizam u okviru &#8220;DIR\/FLOOR TIME MODELA&#8221;. Predava\u010dica je bila na\u0161a logopedica Marijana Perkovi\u0107. Ovim putem se zahvaljujemo svima na izdvojenom vremenu i sudjelovanju u ovom pou\u010dnom predavanju.<\/p>\n\n\n\n<figure class=\"wp-block-image size-full\"><img loading=\"lazy\" width=\"995\" height=\"986\" src=\"https:\/\/wpsite.osflk-livno.com\/wp-content\/uploads\/2025\/04\/inbound1698616001225721898.jpg\" alt=\"\" class=\"wp-image-2585\"\/><\/figure>\n","protected":false},"excerpt":{"rendered":"<p>Povodom SVJETSKOG DANA SVJESNOSTI O AUTIZMU, ju\u010der je odr\u017eano predavanje na temu Autizam u okviru &#8220;DIR\/FLOOR TIME MODELA&#8221;. Predava\u010dica je bila na\u0161a logopedica Marijana Perkovi\u0107. Ovim putem se zahvaljujemo svima na izdvojenom vremenu i sudjelovanju u ovom pou\u010dnom predavanju.<\/p>\n","protected":false},"author":1,"featured_media":0,"comment_status":"closed","ping_status":"open","sticky":false,"template":"","format":"standard","meta":[],"categories":[1],"tags":[],"_links":{"self":[{"href":"http:\/\/wpsite.osflk-livno.com\/index.php\/wp-json\/wp\/v2\/posts\/2584"}],"collection":[{"href":"http:\/\/wpsite.osflk-livno.com\/index.php\/wp-json\/wp\/v2\/posts"}],"about":[{"href":"http:\/\/wpsite.osflk-livno.com\/index.php\/wp-json\/wp\/v2\/types\/post"}],"author":[{"embeddable":true,"href":"http:\/\/wpsite.osflk-livno.com\/index.php\/wp-json\/wp\/v2\/users\/1"}],"replies":[{"embeddable":true,"href":"http:\/\/wpsite.osflk-livno.com\/index.php\/wp-json\/wp\/v2\/comments?post=2584"}],"version-history":[{"count":1,"href":"http:\/\/wpsite.osflk-livno.com\/index.php\/wp-json\/wp\/v2\/posts\/2584\/revisions"}],"predecessor-version":[{"id":2586,"href":"http:\/\/wpsite.osflk-livno.com\/index.php\/wp-json\/wp\/v2\/posts\/2584\/revisions\/2586"}],"wp:attachment":[{"href":"http:\/\/wpsite.osflk-livno.com\/index.php\/wp-json\/wp\/v2\/media?parent=2584"}],"wp:term":[{"taxonomy":"category","embeddable":true,"href":"http:\/\/wpsite.osflk-livno.com\/index.php\/wp-json\/wp\/v2\/categories?post=2584"},{"taxonomy":"post_tag","embeddable":true,"href":"http:\/\/wpsite.osflk-livno.com\/index.php\/wp-json\/wp\/v2\/tags?post=2584"}],"curies":[{"name":"wp","href":"https:\/\/api.w.org\/{rel}","templated":true}]}}