{"id":2540,"date":"2025-02-27T17:42:33","date_gmt":"2025-02-27T17:42:33","guid":{"rendered":"https:\/\/wpsite.osflk-livno.com\/?p=2540"},"modified":"2025-02-27T17:42:33","modified_gmt":"2025-02-27T17:42:33","slug":"terenska-nastava-ucenika-devetih-razreda-osfra-lovro-karaula-livno-u-vukovaru","status":"publish","type":"post","link":"http:\/\/wpsite.osflk-livno.com\/index.php\/2025\/02\/27\/terenska-nastava-ucenika-devetih-razreda-osfra-lovro-karaula-livno-u-vukovaru\/","title":{"rendered":"Terenska nastava u\u010denika devetih razreda O\u0160&#8221;Fra Lovro Karaula&#8221; Livno u Vukovaru"},"content":{"rendered":"\n<figure class=\"wp-block-image size-full is-resized\"><img loading=\"lazy\" src=\"https:\/\/wpsite.osflk-livno.com\/wp-content\/uploads\/2025\/02\/inbound6078258967404759511.jpg\" alt=\"\" class=\"wp-image-2541\" width=\"364\" height=\"273\"\/><\/figure>\n\n\n\n<p>Tijekom posjete herojskom gradu u\u010denici su imali priliku upoznati sve znamenitosti grada one lijepe ali i one manje lijepe trenutke koje je Vukovar pre\u017eivio i poput Feniksa se ponovno podigao iz pepela. Obi\u0161li smo Gradski muzej,upoznali najraniju kulturu ovog prostora na Vu\u010dedolu uz dojmljive pri\u010de stvarnih sudionika Bitke za Vukovar sa posjetom crkvi sv.Filipa i Jakova ,a u slobodnim trenucima u\u010denici su upoznali grad i obi\u0161li glavni simbol grada-vodotoranj.Drugoga dana,u\u010denici su upoznati sa svim memorijalnim lokacijama( Ov\u010dara,Trpinjska cesta, Borovo comerce,Velepromet,Sajmi\u0161te i Vukovarska bolnica 1991.)Bilo je dirljivo,emotivno i pou\u010dno za sve sudionike.U nadi da se nikad,nikom i nigdje ne ponovi. U\u010denici su generacije koje \u0107e graditi na\u0161u budu\u0107nost,a to \u0107e ostvarivati tako \u0161to moraju znati istinu o pro\u0161losti. I za kraj Sini\u0161a Glava\u0161evi\u0107<\/p>\n\n\n\n<figure class=\"wp-block-gallery has-nested-images columns-default is-cropped\">\n<figure class=\"wp-block-image size-large\"><img loading=\"lazy\" width=\"901\" height=\"1600\" data-id=\"2543\"  src=\"https:\/\/wpsite.osflk-livno.com\/wp-content\/uploads\/2025\/02\/inbound3854478806609588631.jpg\" alt=\"\" class=\"wp-image-2543\"\/><\/figure>\n\n\n\n<figure class=\"wp-block-image size-large\"><img loading=\"lazy\" width=\"756\" height=\"1008\" data-id=\"2542\"  src=\"https:\/\/wpsite.osflk-livno.com\/wp-content\/uploads\/2025\/02\/inbound2141111188484109748.jpg\" alt=\"\" class=\"wp-image-2542\"\/><\/figure>\n\n\n\n<figure class=\"wp-block-image size-large\"><img loading=\"lazy\" width=\"1600\" height=\"901\" data-id=\"2544\"  src=\"https:\/\/wpsite.osflk-livno.com\/wp-content\/uploads\/2025\/02\/inbound4404103171071374699.jpg\" alt=\"\" class=\"wp-image-2544\"\/><\/figure>\n<\/figure>\n\n\n\n<p>Pri\u010da o gradu<\/p>\n\n\n\n<p>Tko \u0107e mi ga \u010duvati dok mene ne bude, dok se budem tra\u017eio po smetli\u0161tima ljudskih du\u0161a, dok budem onako sam bez sebe glavinjao, ranjiv i umoran, u vru\u0107ici, dok moje o\u010di budu rasle pred osobnim porazom? Tko \u0107e \u010duvati moj grad, moje prijatelje, tko \u0107e Vukovar iznijeti iz mraka? Nema le\u0111a ja\u010dih od mojih i va\u0161ih, i zato, ako vam nije te\u0161ko, ako je u vama ostalo jo\u0161 mladena\u010dkog \u0161aputanja, pridru\u017eite se. Netko je dirao moje parkove, klupe na kojima su jo\u0161 urezana va\u0161a imena, sjenu u kojoj ste istodobno i dali, i primili prvi poljubac &#8211; netko je jednostavno sve ukrao jer, kako objasniti da ni Sjene nema?<\/p>\n\n\n\n<p>Nema izloga u kojem ste se divili vlastitim radostima, nema kina u kojem ste gledali najtu\u017eniji film, va\u0161a je pro\u0161lost jednostavno razorena i sada nemate ni\u0161ta. Morate iznova graditi. Prvo, svoju pro\u0161lost, tra\u017eiti svoje korijenje, zatim, svoju sada\u0161njost, a onda, ako vam ostane snage, ulo\u017eite je u budu\u0107nost. I nemojte biti sami u budu\u0107nosti.<br>A grad, za nj ne brinite, on je sve vrijeme bio u vama. Samo skriven. Da ga krvnik ne na\u0111e. Grad &#8211; to ste vi.<\/p>\n\n\n\n<figure class=\"wp-block-gallery has-nested-images columns-default is-cropped\">\n<figure class=\"wp-block-image size-large\"><img loading=\"lazy\" width=\"1600\" height=\"901\" data-id=\"2550\"  src=\"https:\/\/wpsite.osflk-livno.com\/wp-content\/uploads\/2025\/02\/inbound1573064889238459770.jpg\" alt=\"\" class=\"wp-image-2550\"\/><\/figure>\n\n\n\n<figure class=\"wp-block-image size-large\"><img loading=\"lazy\" width=\"901\" height=\"1600\" data-id=\"2546\"  src=\"https:\/\/wpsite.osflk-livno.com\/wp-content\/uploads\/2025\/02\/inbound549663996005917704.jpg\" alt=\"\" class=\"wp-image-2546\"\/><\/figure>\n\n\n\n<figure class=\"wp-block-image size-large\"><img loading=\"lazy\" width=\"756\" height=\"1008\" data-id=\"2547\"  src=\"https:\/\/wpsite.osflk-livno.com\/wp-content\/uploads\/2025\/02\/inbound317188221814524122.jpg\" alt=\"\" class=\"wp-image-2547\"\/><\/figure>\n\n\n\n<figure class=\"wp-block-image size-large\"><img loading=\"lazy\" width=\"1008\" height=\"756\" data-id=\"2548\"  src=\"https:\/\/wpsite.osflk-livno.com\/wp-content\/uploads\/2025\/02\/inbound8944472934054112313.jpg\" alt=\"\" class=\"wp-image-2548\"\/><\/figure>\n\n\n\n<figure class=\"wp-block-image size-large\"><img loading=\"lazy\" width=\"756\" height=\"1008\" data-id=\"2549\"  src=\"https:\/\/wpsite.osflk-livno.com\/wp-content\/uploads\/2025\/02\/inbound4570875057083742288.jpg\" alt=\"\" class=\"wp-image-2549\"\/><\/figure>\n<\/figure>\n\n\n\n<p class=\"has-text-align-right\"><strong><em>Tekst i foto: Suzana Krezo<\/em><\/strong><\/p>\n","protected":false},"excerpt":{"rendered":"<p>Tijekom posjete herojskom gradu u\u010denici su imali priliku upoznati sve znamenitosti grada one lijepe ali i one manje lijepe trenutke koje je Vukovar pre\u017eivio i poput Feniksa se ponovno podigao iz pepela. Obi\u0161li smo Gradski muzej,upoznali najraniju kulturu ovog prostora na Vu\u010dedolu uz dojmljive pri\u010de stvarnih sudionika Bitke za Vukovar sa posjetom crkvi sv.Filipa i &hellip; <\/p>\n<p class=\"link-more\"><a href=\"http:\/\/wpsite.osflk-livno.com\/index.php\/2025\/02\/27\/terenska-nastava-ucenika-devetih-razreda-osfra-lovro-karaula-livno-u-vukovaru\/\" class=\"more-link\">Read more<span class=\"screen-reader-text\"> &#8220;Terenska nastava u\u010denika devetih razreda O\u0160&#8221;Fra Lovro Karaula&#8221; Livno u Vukovaru&#8221;<\/span><\/a><\/p>\n","protected":false},"author":1,"featured_media":0,"comment_status":"closed","ping_status":"open","sticky":false,"template":"","format":"standard","meta":[],"categories":[1],"tags":[],"_links":{"self":[{"href":"http:\/\/wpsite.osflk-livno.com\/index.php\/wp-json\/wp\/v2\/posts\/2540"}],"collection":[{"href":"http:\/\/wpsite.osflk-livno.com\/index.php\/wp-json\/wp\/v2\/posts"}],"about":[{"href":"http:\/\/wpsite.osflk-livno.com\/index.php\/wp-json\/wp\/v2\/types\/post"}],"author":[{"embeddable":true,"href":"http:\/\/wpsite.osflk-livno.com\/index.php\/wp-json\/wp\/v2\/users\/1"}],"replies":[{"embeddable":true,"href":"http:\/\/wpsite.osflk-livno.com\/index.php\/wp-json\/wp\/v2\/comments?post=2540"}],"version-history":[{"count":1,"href":"http:\/\/wpsite.osflk-livno.com\/index.php\/wp-json\/wp\/v2\/posts\/2540\/revisions"}],"predecessor-version":[{"id":2551,"href":"http:\/\/wpsite.osflk-livno.com\/index.php\/wp-json\/wp\/v2\/posts\/2540\/revisions\/2551"}],"wp:attachment":[{"href":"http:\/\/wpsite.osflk-livno.com\/index.php\/wp-json\/wp\/v2\/media?parent=2540"}],"wp:term":[{"taxonomy":"category","embeddable":true,"href":"http:\/\/wpsite.osflk-livno.com\/index.php\/wp-json\/wp\/v2\/categories?post=2540"},{"taxonomy":"post_tag","embeddable":true,"href":"http:\/\/wpsite.osflk-livno.com\/index.php\/wp-json\/wp\/v2\/tags?post=2540"}],"curies":[{"name":"wp","href":"https:\/\/api.w.org\/{rel}","templated":true}]}}