{"id":2534,"date":"2025-02-21T21:22:05","date_gmt":"2025-02-21T21:22:05","guid":{"rendered":"https:\/\/wpsite.osflk-livno.com\/?p=2534"},"modified":"2025-04-02T10:13:24","modified_gmt":"2025-04-02T10:13:24","slug":"dan-materinskoga-jezika-u-ps-ljubuncic","status":"publish","type":"post","link":"http:\/\/wpsite.osflk-livno.com\/index.php\/2025\/02\/21\/dan-materinskoga-jezika-u-ps-ljubuncic\/","title":{"rendered":"Dan materinskoga jezika u P\u0160 Ljubun\u010di\u0107"},"content":{"rendered":"\n<figure class=\"wp-block-image size-full\"><img loading=\"lazy\" width=\"1374\" height=\"820\" src=\"https:\/\/wpsite.osflk-livno.com\/wp-content\/uploads\/2025\/02\/inbound9025823082486290823.jpg\" alt=\"\" class=\"wp-image-2535\"\/><\/figure>\n\n\n\n<p>Povodom Dana materinskoga jezika P\u0160 Ljubun\u010di\u0107 posjetila je knji\u017eevnica Ivana \u0106uri\u0107 iz Tomislavgrada.<\/p>\n\n\n\n<p>U\u010denicima od 1. do 9. razreda predstavila je svoje knjige za djecu, pa je s njima razgovarala o prijateljstvu i drugim temama. U\u010denici su knji\u017eevnici govorili o svojim najdra\u017eim predmetima u \u0161koli, va\u017enosti pravoga prijateljstva ali su s njom rado podijelili i brojne probleme koji ih mu\u010de. Ona im je pro\u010ditala nekoliko svojih pou\u010dnih pri\u010da, te je darovala svoju knjigu u\u010denici koja je na kvizu prva rekla to\u010dan odgovor na postavljeno pitanje. Odgovarala je i na pitanja koja su u\u010denici imali za nju.<\/p>\n\n\n\n<p>Zahvaljujemo gospo\u0111i \u0106uri\u0107 na posjetu i \u017eelimo joj jo\u0161 mnogo uspjeha u knji\u017eevnom stvarala\u0161tvu!<\/p>\n\n\n\n<p class=\"has-text-align-right\"> <strong>U\u010denici i djelatnici P\u0160 Ljubun\u010di\u0107<\/strong><\/p>\n\n\n\n<figure class=\"wp-block-gallery has-nested-images columns-default is-cropped\">\n<figure class=\"wp-block-image size-large\"><img loading=\"lazy\" width=\"4080\" height=\"1884\" data-id=\"2536\"  src=\"https:\/\/wpsite.osflk-livno.com\/wp-content\/uploads\/2025\/02\/inbound887087727276066351.jpg\" alt=\"\" class=\"wp-image-2536\"\/><\/figure>\n\n\n\n<figure class=\"wp-block-image size-large\"><img loading=\"lazy\" width=\"4080\" height=\"1884\" data-id=\"2537\"  src=\"https:\/\/wpsite.osflk-livno.com\/wp-content\/uploads\/2025\/02\/inbound8534962251708845739.jpg\" alt=\"\" class=\"wp-image-2537\"\/><\/figure>\n\n\n\n<figure class=\"wp-block-image size-large\"><img loading=\"lazy\" width=\"4080\" height=\"1884\" data-id=\"2538\"  src=\"https:\/\/wpsite.osflk-livno.com\/wp-content\/uploads\/2025\/02\/inbound2500470323667480297.jpg\" alt=\"\" class=\"wp-image-2538\"\/><\/figure>\n<\/figure>\n\n\n\n<p><\/p>\n","protected":false},"excerpt":{"rendered":"<p>Povodom Dana materinskoga jezika P\u0160 Ljubun\u010di\u0107 posjetila je knji\u017eevnica Ivana \u0106uri\u0107 iz Tomislavgrada. U\u010denicima od 1. do 9. razreda predstavila je svoje knjige za djecu, pa je s njima razgovarala o prijateljstvu i drugim temama. U\u010denici su knji\u017eevnici govorili o svojim najdra\u017eim predmetima u \u0161koli, va\u017enosti pravoga prijateljstva ali su s njom rado podijelili i &hellip; <\/p>\n<p class=\"link-more\"><a href=\"http:\/\/wpsite.osflk-livno.com\/index.php\/2025\/02\/21\/dan-materinskoga-jezika-u-ps-ljubuncic\/\" class=\"more-link\">Read more<span class=\"screen-reader-text\"> &#8220;Dan materinskoga jezika u P\u0160 Ljubun\u010di\u0107&#8221;<\/span><\/a><\/p>\n","protected":false},"author":1,"featured_media":0,"comment_status":"closed","ping_status":"open","sticky":false,"template":"","format":"standard","meta":[],"categories":[1],"tags":[],"_links":{"self":[{"href":"http:\/\/wpsite.osflk-livno.com\/index.php\/wp-json\/wp\/v2\/posts\/2534"}],"collection":[{"href":"http:\/\/wpsite.osflk-livno.com\/index.php\/wp-json\/wp\/v2\/posts"}],"about":[{"href":"http:\/\/wpsite.osflk-livno.com\/index.php\/wp-json\/wp\/v2\/types\/post"}],"author":[{"embeddable":true,"href":"http:\/\/wpsite.osflk-livno.com\/index.php\/wp-json\/wp\/v2\/users\/1"}],"replies":[{"embeddable":true,"href":"http:\/\/wpsite.osflk-livno.com\/index.php\/wp-json\/wp\/v2\/comments?post=2534"}],"version-history":[{"count":1,"href":"http:\/\/wpsite.osflk-livno.com\/index.php\/wp-json\/wp\/v2\/posts\/2534\/revisions"}],"predecessor-version":[{"id":2539,"href":"http:\/\/wpsite.osflk-livno.com\/index.php\/wp-json\/wp\/v2\/posts\/2534\/revisions\/2539"}],"wp:attachment":[{"href":"http:\/\/wpsite.osflk-livno.com\/index.php\/wp-json\/wp\/v2\/media?parent=2534"}],"wp:term":[{"taxonomy":"category","embeddable":true,"href":"http:\/\/wpsite.osflk-livno.com\/index.php\/wp-json\/wp\/v2\/categories?post=2534"},{"taxonomy":"post_tag","embeddable":true,"href":"http:\/\/wpsite.osflk-livno.com\/index.php\/wp-json\/wp\/v2\/tags?post=2534"}],"curies":[{"name":"wp","href":"https:\/\/api.w.org\/{rel}","templated":true}]}}