{"id":2530,"date":"2025-02-17T19:23:28","date_gmt":"2025-02-17T19:23:28","guid":{"rendered":"https:\/\/wpsite.osflk-livno.com\/?p=2530"},"modified":"2025-04-02T10:13:35","modified_gmt":"2025-04-02T10:13:35","slug":"ps-podhum","status":"publish","type":"post","link":"http:\/\/wpsite.osflk-livno.com\/index.php\/2025\/02\/17\/ps-podhum\/","title":{"rendered":"P\u0160 Podhum u posjetu vare\u0161kom kraju"},"content":{"rendered":"\n<figure class=\"wp-block-image size-full\"><img loading=\"lazy\" width=\"720\" height=\"1600\" src=\"http:\/\/wpsite.osflk-livno.com\/wp-content\/uploads\/2025\/02\/inbound2238102355136652013.jpg\" alt=\"\" class=\"wp-image-2526\"\/><\/figure>\n\n\n\n<p>U subotu, 15. velja\u010de 2025. godine skupina u\u010denika i djelatnika O\u0160 \u201eFra Lovro Karaula\u02ee P\u0160 Podhum posjetila je Vare\u0161 i Olovo. Povod posjetu bio je susret s djecom i odgojiteljima u Maloj \u0161koli u Vare\u0161u. Naime, u\u010denici i u\u010ditelji Podru\u010dne \u0161kole Podhum tijekom prvoga obrazovnog razdoblja izra\u0111ivali su rukotvorine koje su prodavali u sklopu bo\u017ei\u0107ne priredbe. Tom je prilikom dobrovoljnim prilozima prikupljeno 1160 KM i 40 eura, \u0161to je ovim posjetom uru\u010deno za pomo\u0107 u radu Male \u0161kole u Vare\u0161u. Ustanova Mala \u0161kola je prihvatna zajednica za djecu s te\u0161kim osobnim i obiteljskim situacijama. Osnovna svrha ustanove je prihvat siroma\u0161ne, odgojno zapu\u0161tene djece i djece bez odgovaraju\u0107e roditeljske brige da bi im se pomoglo u ostvarivanju cjelovitoga rasta i razvoja te usvajanju temeljnih ljudskih i duhovnih vrednota. U\u010denici su se imali priliku dru\u017eiti s djecom u Maloj \u0161koli te vidjeti njihov na\u010din \u017eivota.Osim toga, organiziran je i posjet staroj i novoj crkvi u Vare\u0161u. Nastanak \u017eupe Vare\u0161 vezan je za 16. stolje\u0107e otkada \u017eupa ima crkvicu sv. Mihovila. Ra\u0111ena je od tesanog kamena i malih je dimenzija (14,34 x 8,96 m). Ima ba\u010dvasti drveni svod, drveni kor, te dva oltara: Sv. Mihovila i Gospin. Nova crkva u Vare\u0161u dijelom je izgra\u0111ena 1854. \u2013 1869. God. 1906. crkva je temeljito preure\u0111ena tako da je dobila kona\u010dni sada\u0161nji izgled s dva zvonika. Putovanje je dalje nastavljeno u snje\u017eno ruho odjevenim krajem fra Matije Divkovi\u0107a, oca bh. knji\u017eevnosti, i dovelo nas u Olovo gdje je prvotni franjeva\u010dki samostan s crkvom osnovan u 14. st. i spada me\u0111u najstarije samostane u Bosni. Prigodom osmanskoga osvajanja Bosne god. 1463., samostan i crkva su po\u0161te\u0111eni razaranja. U vrijeme Be\u010dkoga rata svi su franjevci, osim gvardijana, napustili samostan, a 1700. definitivno su se preselili u Ilok. U no\u0107i 1. na 2. kolovoza 1704. god. samostan i crkva su zapaljeni. God. 1923. pokrenuta je akcija za podizanje Gospina sveti\u0161ta. U olovskom sveti\u0161tu nalaze se dvije Gospine slike. Jedna je iz 18. st. Drugu je sliku god. 1954. naslikao Gabriel Jurki\u0107 prema opisu negda\u0161nje Olovske Gospe koja je nestala. Olovsko sveti\u0161te Majke Bo\u017eje spadalo je me\u0111u najve\u0107a hodo\u010dasni\u010dka mjesta na Balkanskom poluotoku u koje nisu hodo\u010dastili samo katolici. Ovakvi susreti i putovanja jedinstvena su prilika za bolje upoznavanje povijesti, kulture i ba\u0161tine. Zahvaljujemo doma\u0107inima koji su nas otvorenih srca do\u010dekali i ugostili, ali i svima onima koji su podr\u017eali na\u0161 humanitarni sajam.<\/p>\n\n\n\n<figure class=\"wp-block-gallery has-nested-images columns-default is-cropped\">\n<figure class=\"wp-block-image size-large\"><img loading=\"lazy\" width=\"720\" height=\"1600\" data-id=\"2527\"  src=\"http:\/\/wpsite.osflk-livno.com\/wp-content\/uploads\/2025\/02\/inbound8097260130360084931.jpg\" alt=\"\" class=\"wp-image-2527\"\/><\/figure>\n\n\n\n<figure class=\"wp-block-image size-large\"><img loading=\"lazy\" width=\"720\" height=\"1275\" data-id=\"2525\"  src=\"http:\/\/wpsite.osflk-livno.com\/wp-content\/uploads\/2025\/02\/inbound2649719857661667098.jpg\" alt=\"\" class=\"wp-image-2525\"\/><\/figure>\n\n\n\n<figure class=\"wp-block-image size-large\"><img loading=\"lazy\" width=\"1379\" height=\"1718\" data-id=\"2524\"  src=\"http:\/\/wpsite.osflk-livno.com\/wp-content\/uploads\/2025\/02\/inbound7714336647673403733.jpg\" alt=\"\" class=\"wp-image-2524\"\/><\/figure>\n\n\n\n<figure class=\"wp-block-image size-large\"><img loading=\"lazy\" width=\"1600\" height=\"1200\" data-id=\"2519\"  src=\"http:\/\/wpsite.osflk-livno.com\/wp-content\/uploads\/2025\/02\/inbound8348782095201255520.jpg\" alt=\"\" class=\"wp-image-2519\"\/><\/figure>\n\n\n\n<figure class=\"wp-block-image size-large\"><img loading=\"lazy\" width=\"1600\" height=\"719\" data-id=\"2520\"  src=\"http:\/\/wpsite.osflk-livno.com\/wp-content\/uploads\/2025\/02\/inbound6446825275528460004.jpg\" alt=\"\" class=\"wp-image-2520\"\/><\/figure>\n\n\n\n<figure class=\"wp-block-image size-large\"><img loading=\"lazy\" width=\"1493\" height=\"900\" data-id=\"2522\"  src=\"http:\/\/wpsite.osflk-livno.com\/wp-content\/uploads\/2025\/02\/inbound8643649261723935708.jpg\" alt=\"\" class=\"wp-image-2522\"\/><\/figure>\n\n\n\n<figure class=\"wp-block-image size-large\"><img loading=\"lazy\" width=\"1600\" height=\"719\" data-id=\"2521\"  src=\"http:\/\/wpsite.osflk-livno.com\/wp-content\/uploads\/2025\/02\/inbound112017668109227309.jpg\" alt=\"\" class=\"wp-image-2521\"\/><\/figure>\n\n\n\n<figure class=\"wp-block-image size-large\"><img loading=\"lazy\" width=\"1600\" height=\"1200\" data-id=\"2523\"  src=\"http:\/\/wpsite.osflk-livno.com\/wp-content\/uploads\/2025\/02\/inbound5119373522466710533.jpg\" alt=\"\" class=\"wp-image-2523\"\/><\/figure>\n\n\n\n<figure class=\"wp-block-image size-large\"><img loading=\"lazy\" width=\"1200\" height=\"1600\" data-id=\"2518\"  src=\"http:\/\/wpsite.osflk-livno.com\/wp-content\/uploads\/2025\/02\/inbound8838667960399913186.jpg\" alt=\"\" class=\"wp-image-2518\"\/><\/figure>\n<\/figure>\n","protected":false},"excerpt":{"rendered":"<p>U subotu, 15. velja\u010de 2025. godine skupina u\u010denika i djelatnika O\u0160 \u201eFra Lovro Karaula\u02ee P\u0160 Podhum posjetila je Vare\u0161 i Olovo. Povod posjetu bio je susret s djecom i odgojiteljima u Maloj \u0161koli u Vare\u0161u. Naime, u\u010denici i u\u010ditelji Podru\u010dne \u0161kole Podhum tijekom prvoga obrazovnog razdoblja izra\u0111ivali su rukotvorine koje su prodavali u sklopu bo\u017ei\u0107ne &hellip; <\/p>\n<p class=\"link-more\"><a href=\"http:\/\/wpsite.osflk-livno.com\/index.php\/2025\/02\/17\/ps-podhum\/\" class=\"more-link\">Read more<span class=\"screen-reader-text\"> &#8220;P\u0160 Podhum u posjetu vare\u0161kom kraju&#8221;<\/span><\/a><\/p>\n","protected":false},"author":1,"featured_media":0,"comment_status":"closed","ping_status":"open","sticky":false,"template":"","format":"standard","meta":[],"categories":[1],"tags":[],"_links":{"self":[{"href":"http:\/\/wpsite.osflk-livno.com\/index.php\/wp-json\/wp\/v2\/posts\/2530"}],"collection":[{"href":"http:\/\/wpsite.osflk-livno.com\/index.php\/wp-json\/wp\/v2\/posts"}],"about":[{"href":"http:\/\/wpsite.osflk-livno.com\/index.php\/wp-json\/wp\/v2\/types\/post"}],"author":[{"embeddable":true,"href":"http:\/\/wpsite.osflk-livno.com\/index.php\/wp-json\/wp\/v2\/users\/1"}],"replies":[{"embeddable":true,"href":"http:\/\/wpsite.osflk-livno.com\/index.php\/wp-json\/wp\/v2\/comments?post=2530"}],"version-history":[{"count":2,"href":"http:\/\/wpsite.osflk-livno.com\/index.php\/wp-json\/wp\/v2\/posts\/2530\/revisions"}],"predecessor-version":[{"id":2532,"href":"http:\/\/wpsite.osflk-livno.com\/index.php\/wp-json\/wp\/v2\/posts\/2530\/revisions\/2532"}],"wp:attachment":[{"href":"http:\/\/wpsite.osflk-livno.com\/index.php\/wp-json\/wp\/v2\/media?parent=2530"}],"wp:term":[{"taxonomy":"category","embeddable":true,"href":"http:\/\/wpsite.osflk-livno.com\/index.php\/wp-json\/wp\/v2\/categories?post=2530"},{"taxonomy":"post_tag","embeddable":true,"href":"http:\/\/wpsite.osflk-livno.com\/index.php\/wp-json\/wp\/v2\/tags?post=2530"}],"curies":[{"name":"wp","href":"https:\/\/api.w.org\/{rel}","templated":true}]}}