{"id":247,"date":"2022-03-16T12:45:56","date_gmt":"2022-03-16T12:45:56","guid":{"rendered":"http:\/\/wpsite.osflk-livno.com\/?p=247"},"modified":"2022-03-16T12:45:56","modified_gmt":"2022-03-16T12:45:56","slug":"skolsko-natjecanje-iz-matematike","status":"publish","type":"post","link":"http:\/\/wpsite.osflk-livno.com\/index.php\/2022\/03\/16\/skolsko-natjecanje-iz-matematike\/","title":{"rendered":"\u0160kolsko natjecanje iz matematike"},"content":{"rendered":"\n<p><\/p>\n\n\n\n<figure class=\"wp-block-gallery has-nested-images columns-default is-cropped\">\n<figure class=\"wp-block-image size-large\"><img loading=\"lazy\" width=\"2080\" height=\"1560\" data-id=\"248\"  src=\"http:\/\/wpsite.osflk-livno.com\/wp-content\/uploads\/2022\/03\/IMG_20220316_113031.jpg\" alt=\"\" class=\"wp-image-248\"\/><\/figure>\n\n\n\n<figure class=\"wp-block-image size-large\"><img loading=\"lazy\" width=\"2080\" height=\"1560\" data-id=\"250\"  src=\"http:\/\/wpsite.osflk-livno.com\/wp-content\/uploads\/2022\/03\/IMG_20220316_113035.jpg\" alt=\"\" class=\"wp-image-250\"\/><\/figure>\n\n\n\n<figure class=\"wp-block-image size-large\"><img loading=\"lazy\" width=\"2080\" height=\"1560\" data-id=\"249\"  src=\"http:\/\/wpsite.osflk-livno.com\/wp-content\/uploads\/2022\/03\/IMG_20220316_113050.jpg\" alt=\"\" class=\"wp-image-249\"\/><\/figure>\n<\/figure>\n\n\n\n<p>Danas je odr\u017eano natjecanje za osme i devete razrede. Sudjelovali su u\u010denici iz svih poru\u010dnih odjela na\u0161e \u0161kole. Najbolji su ostvarili plasman na \u017eupanijskom natjecanju, koje \u0107e se odr\u017eati 2.4.2022. godine.<\/p>\n\n\n\n<p>8. razred<\/p>\n\n\n\n<ol><li>Franka Karaula (P\u0160 Priluka)<\/li><li>Muhamed Jahjefendi\u0107 (Mati\u010dna)<\/li><li>Andrea Kova\u010d (P\u0160 Ljubun\u010di\u0107)<\/li><li>Ivana Su\u010di\u0107 (P\u0160 Ljubun\u010di\u0107)<\/li><\/ol>\n\n\n\n<p>9. razred<\/p>\n\n\n\n<ol><li>Lucija Jurani\u0107 (Mati\u010dna)<\/li><li>Adna Pali\u0107 (Mati\u010dna)<\/li><li>Ivan Duvnjak (P\u0160 Vido\u0161i)<\/li><li>Alma Softi\u0107 (Mati\u010dna)<\/li><\/ol>\n","protected":false},"excerpt":{"rendered":"<p>Danas je odr\u017eano natjecanje za osme i devete razrede. Sudjelovali su u\u010denici iz svih poru\u010dnih odjela na\u0161e \u0161kole. Najbolji su ostvarili plasman na \u017eupanijskom natjecanju, koje \u0107e se odr\u017eati 2.4.2022. godine. 8. razred Franka Karaula (P\u0160 Priluka) Muhamed Jahjefendi\u0107 (Mati\u010dna) Andrea Kova\u010d (P\u0160 Ljubun\u010di\u0107) Ivana Su\u010di\u0107 (P\u0160 Ljubun\u010di\u0107) 9. razred Lucija Jurani\u0107 (Mati\u010dna) Adna Pali\u0107 &hellip; <\/p>\n<p class=\"link-more\"><a href=\"http:\/\/wpsite.osflk-livno.com\/index.php\/2022\/03\/16\/skolsko-natjecanje-iz-matematike\/\" class=\"more-link\">Read more<span class=\"screen-reader-text\"> &#8220;\u0160kolsko natjecanje iz matematike&#8221;<\/span><\/a><\/p>\n","protected":false},"author":1,"featured_media":0,"comment_status":"closed","ping_status":"open","sticky":false,"template":"","format":"standard","meta":[],"categories":[1],"tags":[],"_links":{"self":[{"href":"http:\/\/wpsite.osflk-livno.com\/index.php\/wp-json\/wp\/v2\/posts\/247"}],"collection":[{"href":"http:\/\/wpsite.osflk-livno.com\/index.php\/wp-json\/wp\/v2\/posts"}],"about":[{"href":"http:\/\/wpsite.osflk-livno.com\/index.php\/wp-json\/wp\/v2\/types\/post"}],"author":[{"embeddable":true,"href":"http:\/\/wpsite.osflk-livno.com\/index.php\/wp-json\/wp\/v2\/users\/1"}],"replies":[{"embeddable":true,"href":"http:\/\/wpsite.osflk-livno.com\/index.php\/wp-json\/wp\/v2\/comments?post=247"}],"version-history":[{"count":4,"href":"http:\/\/wpsite.osflk-livno.com\/index.php\/wp-json\/wp\/v2\/posts\/247\/revisions"}],"predecessor-version":[{"id":255,"href":"http:\/\/wpsite.osflk-livno.com\/index.php\/wp-json\/wp\/v2\/posts\/247\/revisions\/255"}],"wp:attachment":[{"href":"http:\/\/wpsite.osflk-livno.com\/index.php\/wp-json\/wp\/v2\/media?parent=247"}],"wp:term":[{"taxonomy":"category","embeddable":true,"href":"http:\/\/wpsite.osflk-livno.com\/index.php\/wp-json\/wp\/v2\/categories?post=247"},{"taxonomy":"post_tag","embeddable":true,"href":"http:\/\/wpsite.osflk-livno.com\/index.php\/wp-json\/wp\/v2\/tags?post=247"}],"curies":[{"name":"wp","href":"https:\/\/api.w.org\/{rel}","templated":true}]}}