{"id":2370,"date":"2024-05-06T13:27:46","date_gmt":"2024-05-06T13:27:46","guid":{"rendered":"https:\/\/wpsite.osflk-livno.com\/?p=2370"},"modified":"2024-05-06T13:27:46","modified_gmt":"2024-05-06T13:27:46","slug":"raspored-upisa-djece-u-prvi-razred-devetogodisnjeg-osnovnog-obrazovanja-u-skolskoj-2024-2025-godini-na-podrucju-grada-livna","status":"publish","type":"post","link":"http:\/\/wpsite.osflk-livno.com\/index.php\/2024\/05\/06\/raspored-upisa-djece-u-prvi-razred-devetogodisnjeg-osnovnog-obrazovanja-u-skolskoj-2024-2025-godini-na-podrucju-grada-livna\/","title":{"rendered":"Raspored upisa djece u prvi razred devetogodi\u0161njeg osnovnog obrazovanja u \u0161kolskoj 2024.\/2025. godini na podru\u010dju grada Livna"},"content":{"rendered":"\n<figure class=\"wp-block-image size-full\"><img loading=\"lazy\" width=\"512\" height=\"427\" src=\"https:\/\/wpsite.osflk-livno.com\/wp-content\/uploads\/2024\/05\/upis-.jpg\" alt=\"\" class=\"wp-image-2371\"\/><\/figure>\n\n\n\n<p><\/p>\n\n\n\n<p>Slu\u017eba za op\u0107u upravu i dru\u0161tvene djelatnosti Grada Livna, donosi plan i raspored upisa djece u prvi razred devetogodi\u0161njeg osnovnog obrazovanja u \u0161kolskoj 2024.\/2025. godini na podru\u010dju grada Livna. U prvi razred osnovne \u0161kole, prema programu devetogodi\u0161njeg osnovnog obrazovanja, u \u0161kolskoj 2024.\/2025. godini upisivat \u0107e se djeca koja u 2024. godini navr\u0161avaju \u0161est godina \u017eivota i kojoj je u \u0161kolskoj 2023.\/2024. odgo\u0111en upis. Utvr\u0111ivanje psihofizi\u010dkog stanja obveznika upisa u osnovnu \u0161kolu obavit \u0107e se u razdoblju od do 16. svibnja 2024. godine.\u00a0<strong>Roditelji djece koja pristupe upisu obvezni su na dan upisa donijeti uvjerenje o prebivali\u0161tu<\/strong>.<\/p>\n\n\n\n<p> Raspored upisa je u privitku.<\/p>\n\n\n\n<div class=\"wp-block-file\"><a id=\"wp-block-file--media-0e779c89-caa2-491e-aa50-adb9fecbce15\" href=\"https:\/\/wpsite.osflk-livno.com\/wp-content\/uploads\/2024\/05\/Plan-i-raspored-upisa-u-prvi-razred-24-25.docx\">Plan-i-raspored-upisa-u-prvi-razred-24-25<\/a><a href=\"https:\/\/wpsite.osflk-livno.com\/wp-content\/uploads\/2024\/05\/Plan-i-raspored-upisa-u-prvi-razred-24-25.docx\" class=\"wp-block-file__button\" download aria-describedby=\"wp-block-file--media-0e779c89-caa2-491e-aa50-adb9fecbce15\">Download<\/a><\/div>\n","protected":false},"excerpt":{"rendered":"<p>Slu\u017eba za op\u0107u upravu i dru\u0161tvene djelatnosti Grada Livna, donosi plan i raspored upisa djece u prvi razred devetogodi\u0161njeg osnovnog obrazovanja u \u0161kolskoj 2024.\/2025. godini na podru\u010dju grada Livna. U prvi razred osnovne \u0161kole, prema programu devetogodi\u0161njeg osnovnog obrazovanja, u \u0161kolskoj 2024.\/2025. godini upisivat \u0107e se djeca koja u 2024. godini navr\u0161avaju \u0161est godina \u017eivota &hellip; <\/p>\n<p class=\"link-more\"><a href=\"http:\/\/wpsite.osflk-livno.com\/index.php\/2024\/05\/06\/raspored-upisa-djece-u-prvi-razred-devetogodisnjeg-osnovnog-obrazovanja-u-skolskoj-2024-2025-godini-na-podrucju-grada-livna\/\" class=\"more-link\">Read more<span class=\"screen-reader-text\"> &#8220;Raspored upisa djece u prvi razred devetogodi\u0161njeg osnovnog obrazovanja u \u0161kolskoj 2024.\/2025. godini na podru\u010dju grada Livna&#8221;<\/span><\/a><\/p>\n","protected":false},"author":2,"featured_media":0,"comment_status":"closed","ping_status":"open","sticky":false,"template":"","format":"standard","meta":[],"categories":[1],"tags":[],"_links":{"self":[{"href":"http:\/\/wpsite.osflk-livno.com\/index.php\/wp-json\/wp\/v2\/posts\/2370"}],"collection":[{"href":"http:\/\/wpsite.osflk-livno.com\/index.php\/wp-json\/wp\/v2\/posts"}],"about":[{"href":"http:\/\/wpsite.osflk-livno.com\/index.php\/wp-json\/wp\/v2\/types\/post"}],"author":[{"embeddable":true,"href":"http:\/\/wpsite.osflk-livno.com\/index.php\/wp-json\/wp\/v2\/users\/2"}],"replies":[{"embeddable":true,"href":"http:\/\/wpsite.osflk-livno.com\/index.php\/wp-json\/wp\/v2\/comments?post=2370"}],"version-history":[{"count":1,"href":"http:\/\/wpsite.osflk-livno.com\/index.php\/wp-json\/wp\/v2\/posts\/2370\/revisions"}],"predecessor-version":[{"id":2373,"href":"http:\/\/wpsite.osflk-livno.com\/index.php\/wp-json\/wp\/v2\/posts\/2370\/revisions\/2373"}],"wp:attachment":[{"href":"http:\/\/wpsite.osflk-livno.com\/index.php\/wp-json\/wp\/v2\/media?parent=2370"}],"wp:term":[{"taxonomy":"category","embeddable":true,"href":"http:\/\/wpsite.osflk-livno.com\/index.php\/wp-json\/wp\/v2\/categories?post=2370"},{"taxonomy":"post_tag","embeddable":true,"href":"http:\/\/wpsite.osflk-livno.com\/index.php\/wp-json\/wp\/v2\/tags?post=2370"}],"curies":[{"name":"wp","href":"https:\/\/api.w.org\/{rel}","templated":true}]}}