{"id":2301,"date":"2024-04-25T19:18:47","date_gmt":"2024-04-25T19:18:47","guid":{"rendered":"https:\/\/wpsite.osflk-livno.com\/?p=2301"},"modified":"2024-04-25T19:22:57","modified_gmt":"2024-04-25T19:22:57","slug":"dodijeljene-nagrade-za-najbolje-likovne-i-literarne-radove-povodom-dana-obrane-livna","status":"publish","type":"post","link":"http:\/\/wpsite.osflk-livno.com\/index.php\/2024\/04\/25\/dodijeljene-nagrade-za-najbolje-likovne-i-literarne-radove-povodom-dana-obrane-livna\/","title":{"rendered":"Dodijeljene nagrade za najbolje likovne i literarne radove povodom Dana obrane Livna"},"content":{"rendered":"\n<figure class=\"wp-block-image size-full\"><img loading=\"lazy\" width=\"1200\" height=\"1600\" src=\"https:\/\/wpsite.osflk-livno.com\/wp-content\/uploads\/2024\/04\/inbound2769158618836246348.jpg\" alt=\"\" class=\"wp-image-2302\"\/><\/figure>\n\n\n\n<p>Povodom Dana obrane Livna, Grad Livno raspisao je natje\u010daj za najbolje likovne i literarne radove u\u010denika livanjskih osnovnih i srednjih \u0161kola.<\/p>\n\n\n\n<p>U kategoriji likovnih radova prvo mjesto osvojila je<br>Ana Badrov, u\u010denica sedmog razreda na\u0161e \u0161kole.<\/p>\n\n\n\n<p>U kategoriji literarnih radova drugo mjesto zauzela je Mihaela Vrgo\u010d,a tre\u0107e mjesto Mihaela Rimac, u\u010denice devetog razreda na\u0161e \u0161kole.<br>\u010cestitamo!<\/p>\n\n\n\n<figure class=\"wp-block-gallery has-nested-images columns-default is-cropped\">\n<figure class=\"wp-block-image size-large\"><img loading=\"lazy\" width=\"1080\" height=\"1440\" data-id=\"2306\"  src=\"https:\/\/wpsite.osflk-livno.com\/wp-content\/uploads\/2024\/04\/inbound8509794536560912190.jpg\" alt=\"\" class=\"wp-image-2306\"\/><\/figure>\n\n\n\n<figure class=\"wp-block-image size-large\"><img loading=\"lazy\" width=\"1600\" height=\"1200\" data-id=\"2305\"  src=\"https:\/\/wpsite.osflk-livno.com\/wp-content\/uploads\/2024\/04\/inbound3385065125056512167.jpg\" alt=\"\" class=\"wp-image-2305\"\/><\/figure>\n\n\n\n<figure class=\"wp-block-image size-large\"><img loading=\"lazy\" width=\"1080\" height=\"1440\" data-id=\"2303\"  src=\"https:\/\/wpsite.osflk-livno.com\/wp-content\/uploads\/2024\/04\/inbound8399728415875902925.jpg\" alt=\"\" class=\"wp-image-2303\"\/><\/figure>\n\n\n\n<figure class=\"wp-block-image size-large\"><img loading=\"lazy\" width=\"1200\" height=\"1600\" data-id=\"2304\"  src=\"https:\/\/wpsite.osflk-livno.com\/wp-content\/uploads\/2024\/04\/inbound3905345718127503703.jpg\" alt=\"\" class=\"wp-image-2304\"\/><\/figure>\n\n\n\n<figure class=\"wp-block-image size-large\"><img loading=\"lazy\" width=\"1200\" height=\"1600\" data-id=\"2308\"  src=\"https:\/\/wpsite.osflk-livno.com\/wp-content\/uploads\/2024\/04\/inbound404579056752815565.jpg\" alt=\"\" class=\"wp-image-2308\"\/><\/figure>\n\n\n\n<figure class=\"wp-block-image size-large\"><img loading=\"lazy\" width=\"1200\" height=\"1600\" data-id=\"2310\"  src=\"https:\/\/wpsite.osflk-livno.com\/wp-content\/uploads\/2024\/04\/inbound7267897952361014432.jpg\" alt=\"\" class=\"wp-image-2310\"\/><\/figure>\n\n\n\n<figure class=\"wp-block-image size-large\"><img loading=\"lazy\" width=\"1200\" height=\"1600\" data-id=\"2307\"  src=\"https:\/\/wpsite.osflk-livno.com\/wp-content\/uploads\/2024\/04\/inbound5972962102044842302.jpg\" alt=\"\" class=\"wp-image-2307\"\/><\/figure>\n\n\n\n<figure class=\"wp-block-image size-large\"><img loading=\"lazy\" width=\"1080\" height=\"810\" data-id=\"2309\"  src=\"https:\/\/wpsite.osflk-livno.com\/wp-content\/uploads\/2024\/04\/inbound3523104605067755857.jpg\" alt=\"\" class=\"wp-image-2309\"\/><\/figure>\n<\/figure>\n","protected":false},"excerpt":{"rendered":"<p>Povodom Dana obrane Livna, Grad Livno raspisao je natje\u010daj za najbolje likovne i literarne radove u\u010denika livanjskih osnovnih i srednjih \u0161kola. U kategoriji likovnih radova prvo mjesto osvojila jeAna Badrov, u\u010denica sedmog razreda na\u0161e \u0161kole. U kategoriji literarnih radova drugo mjesto zauzela je Mihaela Vrgo\u010d,a tre\u0107e mjesto Mihaela Rimac, u\u010denice devetog razreda na\u0161e \u0161kole.\u010cestitamo!<\/p>\n","protected":false},"author":2,"featured_media":0,"comment_status":"closed","ping_status":"open","sticky":false,"template":"","format":"standard","meta":[],"categories":[1],"tags":[],"_links":{"self":[{"href":"http:\/\/wpsite.osflk-livno.com\/index.php\/wp-json\/wp\/v2\/posts\/2301"}],"collection":[{"href":"http:\/\/wpsite.osflk-livno.com\/index.php\/wp-json\/wp\/v2\/posts"}],"about":[{"href":"http:\/\/wpsite.osflk-livno.com\/index.php\/wp-json\/wp\/v2\/types\/post"}],"author":[{"embeddable":true,"href":"http:\/\/wpsite.osflk-livno.com\/index.php\/wp-json\/wp\/v2\/users\/2"}],"replies":[{"embeddable":true,"href":"http:\/\/wpsite.osflk-livno.com\/index.php\/wp-json\/wp\/v2\/comments?post=2301"}],"version-history":[{"count":2,"href":"http:\/\/wpsite.osflk-livno.com\/index.php\/wp-json\/wp\/v2\/posts\/2301\/revisions"}],"predecessor-version":[{"id":2312,"href":"http:\/\/wpsite.osflk-livno.com\/index.php\/wp-json\/wp\/v2\/posts\/2301\/revisions\/2312"}],"wp:attachment":[{"href":"http:\/\/wpsite.osflk-livno.com\/index.php\/wp-json\/wp\/v2\/media?parent=2301"}],"wp:term":[{"taxonomy":"category","embeddable":true,"href":"http:\/\/wpsite.osflk-livno.com\/index.php\/wp-json\/wp\/v2\/categories?post=2301"},{"taxonomy":"post_tag","embeddable":true,"href":"http:\/\/wpsite.osflk-livno.com\/index.php\/wp-json\/wp\/v2\/tags?post=2301"}],"curies":[{"name":"wp","href":"https:\/\/api.w.org\/{rel}","templated":true}]}}