{"id":2209,"date":"2024-04-23T09:32:14","date_gmt":"2024-04-23T09:32:14","guid":{"rendered":"https:\/\/wpsite.osflk-livno.com\/?p=2209"},"modified":"2024-04-23T10:01:40","modified_gmt":"2024-04-23T10:01:40","slug":"gospodin-mario-nad-posjetio-nasu-skolu","status":"publish","type":"post","link":"http:\/\/wpsite.osflk-livno.com\/index.php\/2024\/04\/23\/gospodin-mario-nad-posjetio-nasu-skolu\/","title":{"rendered":"Gospodin Mario Na\u0111 posjetio na\u0161u \u0161kolu"},"content":{"rendered":"\n<figure class=\"wp-block-image size-full\"><img loading=\"lazy\" width=\"1600\" height=\"1600\" src=\"https:\/\/wpsite.osflk-livno.com\/wp-content\/uploads\/2024\/04\/inbound8525111609939014652.jpg\" alt=\"\" class=\"wp-image-2210\"\/><\/figure>\n\n\n\n<p>Danas je O\u0160 &#8221; Fra Lovro Karaula&#8221; Livno posjetio gospodin Mario Na\u0111, \u010dovjek koji je bio presudan u obrani Livna 1992. godine. Poznato je da je upravo gospodin Na\u0111 jedan od tri po\u010dasna gra\u0111anina grada Livna.<br>U\u010denici i djelatnici \u0161kole srda\u010dno su pozdravili gospodina Na\u0111a u majicama koje im je poklonio prilikom ovogodi\u0161njeg posjeta gradu Vukovaru. Tom prilikom je gospodin Na\u0111 u\u010denicima i djelatnicima na\u0161e \u0161kole odr\u017eao predavanje zajedno s vukovarskim braniteljem koji je bio 270 dana u srpskom zato\u010deni\u0161tvu. Ovo prijateljsko dru\u017eenje je nastavljeno i danas u \u0161koli &#8220;Fra Lovro Karaula&#8221; u Livnu pored panoa kojeg je uradila povijesna sekcija devetih razreda \u0161kole, povodom &#8220;Dana obrane Livna&#8221;. Organizator ovog sastanka je nastavnik povijesti na\u0161e \u0161kole, gospodin Vlatko Kopr\u010dina uz potporu ravnatelja \u0161kole, gospodina Josipa Kova\u010da.<br>Zahvaljujemo gospodinu Na\u0111u na posjeti i ugodnom dru\u017eenju te izra\u017eavamo \u017eelju za nastavkom suradnje u budu\u0107nosti.<\/p>\n\n\n\n<figure class=\"wp-block-gallery has-nested-images columns-default is-cropped\">\n<figure class=\"wp-block-image size-large\"><img loading=\"lazy\" width=\"2048\" height=\"2048\" data-id=\"2212\"  src=\"https:\/\/wpsite.osflk-livno.com\/wp-content\/uploads\/2024\/04\/inbound4403724890598136188.jpg\" alt=\"\" class=\"wp-image-2212\"\/><\/figure>\n\n\n\n<figure class=\"wp-block-image size-large\"><img loading=\"lazy\" width=\"2048\" height=\"2048\" data-id=\"2214\"  src=\"https:\/\/wpsite.osflk-livno.com\/wp-content\/uploads\/2024\/04\/inbound3038747460456184811.jpg\" alt=\"\" class=\"wp-image-2214\"\/><\/figure>\n\n\n\n<figure class=\"wp-block-image size-large\"><img loading=\"lazy\" width=\"2048\" height=\"2048\" data-id=\"2219\"  src=\"https:\/\/wpsite.osflk-livno.com\/wp-content\/uploads\/2024\/04\/inbound2040922770023048041.jpg\" alt=\"\" class=\"wp-image-2219\"\/><\/figure>\n\n\n\n<figure class=\"wp-block-image size-large\"><img loading=\"lazy\" width=\"2048\" height=\"2048\" data-id=\"2222\"  src=\"https:\/\/wpsite.osflk-livno.com\/wp-content\/uploads\/2024\/04\/inbound6529627845754435568.jpg\" alt=\"\" class=\"wp-image-2222\"\/><\/figure>\n\n\n\n<figure class=\"wp-block-image size-large\"><img loading=\"lazy\" width=\"2048\" height=\"2048\" data-id=\"2224\"  src=\"https:\/\/wpsite.osflk-livno.com\/wp-content\/uploads\/2024\/04\/inbound8120744828154783958.jpg\" alt=\"\" class=\"wp-image-2224\"\/><\/figure>\n\n\n\n<figure class=\"wp-block-image size-large\"><img loading=\"lazy\" width=\"2048\" height=\"2048\" data-id=\"2225\"  src=\"https:\/\/wpsite.osflk-livno.com\/wp-content\/uploads\/2024\/04\/inbound8714669933488415357.jpg\" alt=\"\" class=\"wp-image-2225\"\/><\/figure>\n\n\n\n<figure class=\"wp-block-image size-large\"><img loading=\"lazy\" width=\"2048\" height=\"2048\" data-id=\"2226\"  src=\"https:\/\/wpsite.osflk-livno.com\/wp-content\/uploads\/2024\/04\/inbound1407386779617813264.jpg\" alt=\"\" class=\"wp-image-2226\"\/><\/figure>\n<\/figure>\n","protected":false},"excerpt":{"rendered":"<p>Danas je O\u0160 &#8221; Fra Lovro Karaula&#8221; Livno posjetio gospodin Mario Na\u0111, \u010dovjek koji je bio presudan u obrani Livna 1992. godine. Poznato je da je upravo gospodin Na\u0111 jedan od tri po\u010dasna gra\u0111anina grada Livna.U\u010denici i djelatnici \u0161kole srda\u010dno su pozdravili gospodina Na\u0111a u majicama koje im je poklonio prilikom ovogodi\u0161njeg posjeta gradu Vukovaru. &hellip; <\/p>\n<p class=\"link-more\"><a href=\"http:\/\/wpsite.osflk-livno.com\/index.php\/2024\/04\/23\/gospodin-mario-nad-posjetio-nasu-skolu\/\" class=\"more-link\">Read more<span class=\"screen-reader-text\"> &#8220;Gospodin Mario Na\u0111 posjetio na\u0161u \u0161kolu&#8221;<\/span><\/a><\/p>\n","protected":false},"author":2,"featured_media":0,"comment_status":"closed","ping_status":"open","sticky":false,"template":"","format":"standard","meta":[],"categories":[1],"tags":[],"_links":{"self":[{"href":"http:\/\/wpsite.osflk-livno.com\/index.php\/wp-json\/wp\/v2\/posts\/2209"}],"collection":[{"href":"http:\/\/wpsite.osflk-livno.com\/index.php\/wp-json\/wp\/v2\/posts"}],"about":[{"href":"http:\/\/wpsite.osflk-livno.com\/index.php\/wp-json\/wp\/v2\/types\/post"}],"author":[{"embeddable":true,"href":"http:\/\/wpsite.osflk-livno.com\/index.php\/wp-json\/wp\/v2\/users\/2"}],"replies":[{"embeddable":true,"href":"http:\/\/wpsite.osflk-livno.com\/index.php\/wp-json\/wp\/v2\/comments?post=2209"}],"version-history":[{"count":4,"href":"http:\/\/wpsite.osflk-livno.com\/index.php\/wp-json\/wp\/v2\/posts\/2209\/revisions"}],"predecessor-version":[{"id":2232,"href":"http:\/\/wpsite.osflk-livno.com\/index.php\/wp-json\/wp\/v2\/posts\/2209\/revisions\/2232"}],"wp:attachment":[{"href":"http:\/\/wpsite.osflk-livno.com\/index.php\/wp-json\/wp\/v2\/media?parent=2209"}],"wp:term":[{"taxonomy":"category","embeddable":true,"href":"http:\/\/wpsite.osflk-livno.com\/index.php\/wp-json\/wp\/v2\/categories?post=2209"},{"taxonomy":"post_tag","embeddable":true,"href":"http:\/\/wpsite.osflk-livno.com\/index.php\/wp-json\/wp\/v2\/tags?post=2209"}],"curies":[{"name":"wp","href":"https:\/\/api.w.org\/{rel}","templated":true}]}}