{"id":2151,"date":"2024-04-12T12:14:48","date_gmt":"2024-04-12T12:14:48","guid":{"rendered":"https:\/\/wpsite.osflk-livno.com\/?p=2151"},"modified":"2024-04-12T19:33:51","modified_gmt":"2024-04-12T19:33:51","slug":"dodjela-nagrada-za-najbolje-likovne-radove-od-prvog-do-petog-razreda-osnovnih-skola","status":"publish","type":"post","link":"http:\/\/wpsite.osflk-livno.com\/index.php\/2024\/04\/12\/dodjela-nagrada-za-najbolje-likovne-radove-od-prvog-do-petog-razreda-osnovnih-skola\/","title":{"rendered":"Dodjela nagrada za najbolje likovne radove od prvog do petog razreda osnovnih \u0161kola"},"content":{"rendered":"\n<figure class=\"wp-block-image size-full is-resized\"><img loading=\"lazy\" src=\"https:\/\/wpsite.osflk-livno.com\/wp-content\/uploads\/2024\/04\/438124867_939865627517720_6062671412622977751_n.jpg\" alt=\"\" class=\"wp-image-2153\" width=\"623\" height=\"465\"\/><\/figure>\n\n\n\n<p>Danas, 12.travnja u prostorijama Ogranka Matice hrvatske u Livnu odr\u017eana je dodjela nagrada za najbolje likovne radove od prvog do petog razreda osnovnih \u0161kola na\u0161e op\u0107ine, na temu Uskrs.<\/p>\n\n\n\n<p>Prema propozicijama Natje\u010daja, predlo\u017eena tema radila se na satu likovne kulture. Tri najbolja odabrana rada iz svake \u0161kole nagra\u0111ena su prigodnim nagradama.<\/p>\n\n\n\n<p>U\u010denici <strong>2.c<\/strong> na\u0161e Mati\u010dne \u0161kole osvojili su sve tri nagrade:<\/p>\n\n\n\n<ol type=\"1\"><li>mjesto:<strong> \u00a0Zorana Bili\u0107<\/strong><\/li><li>mjesto<strong>: Petar Doli\u0107<\/strong><\/li><li>mjesto:<strong> Ivano \u010ca\u010dija<\/strong><\/li><\/ol>\n\n\n\n<p>\u010cestitamo u\u010denicima na trudu i osvojenim nagradama!<\/p>\n\n\n\n<p>Fotogalerija u prilogu:<\/p>\n\n\n\n<figure class=\"wp-block-gallery has-nested-images columns-default is-cropped\">\n<figure class=\"wp-block-image size-large\"><img loading=\"lazy\" width=\"1196\" height=\"1600\" data-id=\"2160\"  src=\"https:\/\/wpsite.osflk-livno.com\/wp-content\/uploads\/2024\/04\/438060505_373211742380706_5685378582029254344_n.jpg\" alt=\"\" class=\"wp-image-2160\"\/><\/figure>\n\n\n\n<figure class=\"wp-block-image size-large\"><img loading=\"lazy\" width=\"1196\" height=\"1600\" data-id=\"2156\"  src=\"https:\/\/wpsite.osflk-livno.com\/wp-content\/uploads\/2024\/04\/438095021_7700408239982308_6355830673503567821_n.jpg\" alt=\"\" class=\"wp-image-2156\"\/><\/figure>\n\n\n\n<figure class=\"wp-block-image size-large\"><img loading=\"lazy\" width=\"1196\" height=\"1600\" data-id=\"2159\"  src=\"https:\/\/wpsite.osflk-livno.com\/wp-content\/uploads\/2024\/04\/438051476_1151808969591770_416672606250626070_n.jpg\" alt=\"\" class=\"wp-image-2159\"\/><\/figure>\n\n\n\n<figure class=\"wp-block-image size-large\"><img loading=\"lazy\" width=\"1600\" height=\"1196\" data-id=\"2162\"  src=\"https:\/\/wpsite.osflk-livno.com\/wp-content\/uploads\/2024\/04\/438065427_442694631763636_700912157851240416_n.jpg\" alt=\"\" class=\"wp-image-2162\"\/><\/figure>\n\n\n\n<figure class=\"wp-block-image size-large\"><img loading=\"lazy\" width=\"1196\" height=\"1600\" data-id=\"2158\"  src=\"https:\/\/wpsite.osflk-livno.com\/wp-content\/uploads\/2024\/04\/438089861_7777736542238360_8657345862608516954_n.jpg\" alt=\"\" class=\"wp-image-2158\"\/><\/figure>\n\n\n\n<figure class=\"wp-block-image size-large\"><img loading=\"lazy\" width=\"1196\" height=\"1600\" data-id=\"2161\"  src=\"https:\/\/wpsite.osflk-livno.com\/wp-content\/uploads\/2024\/04\/438069592_477708851270270_2573146727947353557_n.jpg\" alt=\"\" class=\"wp-image-2161\"\/><\/figure>\n\n\n\n<figure class=\"wp-block-image size-large\"><img loading=\"lazy\" width=\"1196\" height=\"1600\" data-id=\"2157\"  src=\"https:\/\/wpsite.osflk-livno.com\/wp-content\/uploads\/2024\/04\/438115796_7362035497247758_8610317727549413063_n-1.jpg\" alt=\"\" class=\"wp-image-2157\"\/><\/figure>\n<\/figure>\n","protected":false},"excerpt":{"rendered":"<p>Danas, 12.travnja u prostorijama Ogranka Matice hrvatske u Livnu odr\u017eana je dodjela nagrada za najbolje likovne radove od prvog do petog razreda osnovnih \u0161kola na\u0161e op\u0107ine, na temu Uskrs. Prema propozicijama Natje\u010daja, predlo\u017eena tema radila se na satu likovne kulture. Tri najbolja odabrana rada iz svake \u0161kole nagra\u0111ena su prigodnim nagradama. U\u010denici 2.c na\u0161e Mati\u010dne &hellip; <\/p>\n<p class=\"link-more\"><a href=\"http:\/\/wpsite.osflk-livno.com\/index.php\/2024\/04\/12\/dodjela-nagrada-za-najbolje-likovne-radove-od-prvog-do-petog-razreda-osnovnih-skola\/\" class=\"more-link\">Read more<span class=\"screen-reader-text\"> &#8220;Dodjela nagrada za najbolje likovne radove od prvog do petog razreda osnovnih \u0161kola&#8221;<\/span><\/a><\/p>\n","protected":false},"author":2,"featured_media":0,"comment_status":"closed","ping_status":"open","sticky":false,"template":"","format":"standard","meta":[],"categories":[1],"tags":[],"_links":{"self":[{"href":"http:\/\/wpsite.osflk-livno.com\/index.php\/wp-json\/wp\/v2\/posts\/2151"}],"collection":[{"href":"http:\/\/wpsite.osflk-livno.com\/index.php\/wp-json\/wp\/v2\/posts"}],"about":[{"href":"http:\/\/wpsite.osflk-livno.com\/index.php\/wp-json\/wp\/v2\/types\/post"}],"author":[{"embeddable":true,"href":"http:\/\/wpsite.osflk-livno.com\/index.php\/wp-json\/wp\/v2\/users\/2"}],"replies":[{"embeddable":true,"href":"http:\/\/wpsite.osflk-livno.com\/index.php\/wp-json\/wp\/v2\/comments?post=2151"}],"version-history":[{"count":3,"href":"http:\/\/wpsite.osflk-livno.com\/index.php\/wp-json\/wp\/v2\/posts\/2151\/revisions"}],"predecessor-version":[{"id":2165,"href":"http:\/\/wpsite.osflk-livno.com\/index.php\/wp-json\/wp\/v2\/posts\/2151\/revisions\/2165"}],"wp:attachment":[{"href":"http:\/\/wpsite.osflk-livno.com\/index.php\/wp-json\/wp\/v2\/media?parent=2151"}],"wp:term":[{"taxonomy":"category","embeddable":true,"href":"http:\/\/wpsite.osflk-livno.com\/index.php\/wp-json\/wp\/v2\/categories?post=2151"},{"taxonomy":"post_tag","embeddable":true,"href":"http:\/\/wpsite.osflk-livno.com\/index.php\/wp-json\/wp\/v2\/tags?post=2151"}],"curies":[{"name":"wp","href":"https:\/\/api.w.org\/{rel}","templated":true}]}}