{"id":2131,"date":"2024-04-02T10:42:50","date_gmt":"2024-04-02T10:42:50","guid":{"rendered":"https:\/\/wpsite.osflk-livno.com\/?p=2131"},"modified":"2024-04-02T10:42:50","modified_gmt":"2024-04-02T10:42:50","slug":"2-travnja-svjetski-dan-svjesnosti-o-autizmu-plavim-balonima-rusimo-barijere-autizma","status":"publish","type":"post","link":"http:\/\/wpsite.osflk-livno.com\/index.php\/2024\/04\/02\/2-travnja-svjetski-dan-svjesnosti-o-autizmu-plavim-balonima-rusimo-barijere-autizma\/","title":{"rendered":"2. Travnja &#8211; svjetski dan svjesnosti o autizmu (Plavim balonima ru\u0161imo barijere autizma)"},"content":{"rendered":"\n<figure class=\"wp-block-image size-full\"><img loading=\"lazy\" width=\"1600\" height=\"1200\" src=\"https:\/\/wpsite.osflk-livno.com\/wp-content\/uploads\/2024\/04\/IMG-20240402-WA0021.jpg\" alt=\"\" class=\"wp-image-2132\"\/><\/figure>\n\n\n\n<p><\/p>\n\n\n\n<p><strong>\u0160to je Autizam?<\/strong><\/p>\n\n\n\n<p>Poreme\u0107aj iz spektra autizma je neurobiolo\u0161ki razvojni poreme\u0107aj koji se javlja jo\u0161 u ranom djetinjstvu. Simptomi se obi\u010dno prepoznaju ve\u0107 do druge godine \u017eivota, a mogu se vidjeti i prije prve godine ako su razvojna ka\u0161njenja izra\u017eenija. Naj\u010de\u0161\u0107e se uo\u010dava ukoliko izostaju socijalna pona\u0161anja i jezi\u010dne, tj. komunikacijske vje\u0161tine, prepoznaje se i po neobi\u010dnim obrascima igre, neodgovaranjem na ime, neuspostavljanjem kontakta o\u010dima i neobi\u010dnim i ponavljaju\u0107im pona\u0161anjima.<\/p>\n\n\n\n<p>Poreme\u0107aj iz spektra autizma je slo\u017een neurobiolo\u0161ki poreme\u0107aj koji zahva\u0107a sve aspekte osobnosti, uklju\u010duju\u0107i komunikaciju, motoriku, pona\u0161anje i u\u010denje, a traje cijeli \u017eivot.<\/p>\n\n\n\n<p>Prvi ga je opisao dje\u010dji psihijatar Leo Kanner 1943. godine, a jo\u0161 uvijek to\u010dni uzroci nastanka poreme\u0107aja nisu poznati. Genetika poreme\u0107aja je slo\u017eena i jo\u0161 se ne zna koji geni su odgovorni za isti. Iako se simptomi autizma i njihova ozbiljnost razlikuju, svi oblici utje\u010du na sposobnost komunikacije i interakcije s drugima ili okolinom. Prema vremenu nastajanja, autizam mo\u017eemo podijeliti na primarni i sekundarni. Primarni se obi\u010dno manifestira unutar prvih mjeseci \u017eivota, dok se sekundarni primje\u0107uje nakon druge godine \u017eivota.<\/p>\n\n\n\n<p>U poreme\u0107aj spektra autizma spadaju autisti\u010dni poreme\u0107aj, Aspergerov poreme\u0107aj ili pervazivni razvojni poreme\u0107aj.<\/p>\n\n\n\n<p><strong>Autizam danas<\/strong><\/p>\n\n\n\n<p>Broj djece s dijagnozom autizma je u stalnom porastu. Danas se procjenjuje da oko 67 milijuna ljudi ima autisti\u010dni poreme\u0107aj.<\/p>\n\n\n\n<p>Prema istra\u017eivanjima u svijetu, \u010detvero ili petero od 10.000 djece pati od razvojnog poreme\u0107aja. \u010ce\u0161\u0107e se javlja kod mu\u0161ke djece. Premda su obrasci pona\u0161anja autisti\u010dne djece istra\u017eivani bezbroj puta, vrlo malo toga se mo\u017ee zaklju\u010diti o njihovom na\u010dinu funkcioniranja i pogledu na svijet. Stoga, mo\u017eemo re\u0107i da je autizam jedno veliko prostranstvo neznanja, unato\u010d brojnim istra\u017eivanjima koja su ipak urodila plodom kada je jedna grana u pitanju, a to je terapija. Iako ne postoji lijek za autizam, intenzivna, vrlo rana intervencija mo\u017ee napraviti veliku razliku u kvaliteti \u017eivota mnoge djece s ovim poreme\u0107ajem. Terapije za djecu s autizmom su klju\u010dne za pobolj\u0161anje njihove kvalitete \u017eivota i razvoja.<\/p>\n\n\n\n<p>Odgovaraju\u0107om terapijom poti\u010demo normalan razvoj, samostalnost i socijalizaciju, te djelujemo na slabljenje negativnih oblika pona\u0161anja. Iako ne postoji jedinstvena terapija koja \u0107e odmah izlije\u010diti autizam, kombinacija razli\u010ditih pristupa mo\u017ee zna\u010dajno pomo\u0107i.<\/p>\n\n\n\n<p>Svako dijete s autizmom je jedinstveno, pa je va\u017eno prilagoditi terapije njihovim potrebama i interesima. Suradnja s timom stru\u010dnjaka, uklju\u010duju\u0107i logopede, terapeute, pedagoge i psihologe, klju\u010dna je za uspje\u0161an napredak.<\/p>\n\n\n\n<p><strong>Svjetski dan svjesnosti o autizmu<\/strong><\/p>\n\n\n\n<p>Svjetski dan svjesnosti o autizmu obilje\u017eava se 2. travnja svake godine kako bi se podigla svijest o autizmu s ciljem boljeg razumijevanja i pru\u017eanja podr\u0161ke osobama s poreme\u0107ajem iz spektra autizma.<\/p>\n\n\n\n<p>Plavi baloni postali su simbol Svjetskog dana svjesnosti o autizmu. Plava boja je odabrana kao simbol autizma. Ona predstavlja podsjetnik da je autizam gotovo 5 puta \u010de\u0161\u0107i me\u0111u dje\u010dacima nego me\u0111u djevoj\u010dicama. Tradicionalno se na Svjetski dan svjesnosti o autizmu pu\u0161taju plavi baloni u zrak kao znak podr\u0161ke i pobolj\u0161anja kvalitete \u017eivota djece i odraslih osoba s poreme\u0107ajem iz spektra autizma. Ovaj simboli\u010dan \u010din podsje\u0107a nas na va\u017enost razumijevanja i inkluzije.<\/p>\n\n\n\n<p>Plavi baloni su vi\u0161e od obi\u010dnih balona, oni su poruka nade, razumijevanja i podr\u0161ke za sve osobe s autizmom.<\/p>\n\n\n\n<p><strong><em>Nekoliko poznatih osoba s autizmom koje su postigle izvanredne stvari:<\/em><\/strong><\/p>\n\n\n\n<p>Slavni glumac <strong>Anthony Hopkins<\/strong> ima dijagnozu Aspergerove bolesti. Kako je sam izjavio, dijagnoza mu je pomogla razumjeti svoj jedinstveni na\u010din gledanja na svijet.<\/p>\n\n\n\n<p>Pjeva\u010dica grupe Hole,<strong> Courtney Love<\/strong>, okarakterizirana je kao \u201cblago autisti\u010dna\u201d dok je bila mlada djevojka. Unato\u010d iznimnoj inteligenciji, suo\u010davala se s izazovima u \u0161koli i dru\u0161tvenim interakcijama.<\/p>\n\n\n\n<p>Zvijezda brojnih komedija <strong>Dan Aykroyd<\/strong> ka\u017ee da mu njegov \u201cvrlo blagi Asperger\u201d poma\u017ee u kreativnosti. Ponekad \u010duje glas i pomisli: &#8220;To bi mogao biti lik koji bih mogao izvesti&#8221;.<\/p>\n\n\n\n<p><strong>Kim Peek<\/strong> bio je poznat po tome \u0161to je mogao savr\u0161eno zapamtiti bilo koju knjigu koju je pro\u010ditao. Iako nije imao motori\u010dke sposobnosti da zakop\u010da majicu, Peek se mogao savr\u0161eno prisjetiti sadr\u017eaja 12.000 knjiga.<\/p>\n\n\n\n<p>Redatelj <strong>Stanley Kubrick<\/strong>, \u010dija je opsesija filmskim stvarala\u0161tvom bila toliko jaka da je mogao u\u017eivati \u200b\u200bu \u017eivotu samo kad je stajao iza kamere, tako\u0111er se naga\u0111a da je imao Aspergerov sindrom.<\/p>\n\n\n\n<p>Skladatelj i pijanist <strong>Matt Savage<\/strong> nau\u010dio je \u010ditati glazbu kad je imao samo \u0161est godina. Do svoje 11. godine njegova je glazbena karijera bila toliko uspje\u0161na da je potpisao ugovor za klavire B\u00f6sendorfer i nastupao za \u0161efove dr\u017eava \u0161irom svijeta.<\/p>\n\n\n\n<p><strong>Alonzo Clemons<\/strong>, koji ima niski IQ, stvara nevjerojatno detaljne i realisti\u010dne 3D skulpture \u017eivotinja. Kiparstvo je za njega nezaustavljiv instinkt.<\/p>\n\n\n\n<p><strong>Ove osobe su inspiracija i dokazuju da autizam ne mora biti prepreka za postizanje velikih stvari!<\/strong><\/p>\n\n\n\n<p>Fotogalerija u prilogu:<\/p>\n\n\n\n<figure class=\"wp-block-gallery has-nested-images columns-default is-cropped\">\n<figure class=\"wp-block-image size-large\"><img loading=\"lazy\" width=\"1600\" height=\"1200\" data-id=\"2133\"  src=\"https:\/\/wpsite.osflk-livno.com\/wp-content\/uploads\/2024\/04\/IMG-20240402-WA0020.jpg\" alt=\"\" class=\"wp-image-2133\"\/><\/figure>\n\n\n\n<figure class=\"wp-block-image size-large\"><img loading=\"lazy\" width=\"1200\" height=\"1600\" data-id=\"2137\"  src=\"https:\/\/wpsite.osflk-livno.com\/wp-content\/uploads\/2024\/04\/IMG-20240402-WA0017.jpg\" alt=\"\" class=\"wp-image-2137\"\/><\/figure>\n\n\n\n<figure class=\"wp-block-image size-large\"><img loading=\"lazy\" width=\"1200\" height=\"1600\" data-id=\"2134\"  src=\"https:\/\/wpsite.osflk-livno.com\/wp-content\/uploads\/2024\/04\/IMG-20240402-WA0024.jpg\" alt=\"\" class=\"wp-image-2134\"\/><\/figure>\n\n\n\n<figure class=\"wp-block-image size-large\"><img loading=\"lazy\" width=\"1200\" height=\"1600\" data-id=\"2139\"  src=\"https:\/\/wpsite.osflk-livno.com\/wp-content\/uploads\/2024\/04\/IMG-20240402-WA0019.jpg\" alt=\"\" class=\"wp-image-2139\"\/><\/figure>\n\n\n\n<figure class=\"wp-block-image size-large\"><img loading=\"lazy\" width=\"1322\" height=\"1368\" data-id=\"2140\"  src=\"https:\/\/wpsite.osflk-livno.com\/wp-content\/uploads\/2024\/04\/IMG-20240402-WA0022.jpg\" alt=\"\" class=\"wp-image-2140\"\/><\/figure>\n\n\n\n<figure class=\"wp-block-image size-large\"><img loading=\"lazy\" width=\"1200\" height=\"1600\" data-id=\"2135\"  src=\"https:\/\/wpsite.osflk-livno.com\/wp-content\/uploads\/2024\/04\/IMG-20240402-WA0016.jpg\" alt=\"\" class=\"wp-image-2135\"\/><\/figure>\n\n\n\n<figure class=\"wp-block-image size-large\"><img loading=\"lazy\" width=\"1200\" height=\"1600\" data-id=\"2138\"  src=\"https:\/\/wpsite.osflk-livno.com\/wp-content\/uploads\/2024\/04\/IMG-20240402-WA0018.jpg\" alt=\"\" class=\"wp-image-2138\"\/><\/figure>\n<\/figure>\n","protected":false},"excerpt":{"rendered":"<p>\u0160to je Autizam? Poreme\u0107aj iz spektra autizma je neurobiolo\u0161ki razvojni poreme\u0107aj koji se javlja jo\u0161 u ranom djetinjstvu. Simptomi se obi\u010dno prepoznaju ve\u0107 do druge godine \u017eivota, a mogu se vidjeti i prije prve godine ako su razvojna ka\u0161njenja izra\u017eenija. Naj\u010de\u0161\u0107e se uo\u010dava ukoliko izostaju socijalna pona\u0161anja i jezi\u010dne, tj. komunikacijske vje\u0161tine, prepoznaje se i &hellip; <\/p>\n<p class=\"link-more\"><a href=\"http:\/\/wpsite.osflk-livno.com\/index.php\/2024\/04\/02\/2-travnja-svjetski-dan-svjesnosti-o-autizmu-plavim-balonima-rusimo-barijere-autizma\/\" class=\"more-link\">Read more<span class=\"screen-reader-text\"> &#8220;2. Travnja &#8211; svjetski dan svjesnosti o autizmu (Plavim balonima ru\u0161imo barijere autizma)&#8221;<\/span><\/a><\/p>\n","protected":false},"author":2,"featured_media":0,"comment_status":"closed","ping_status":"open","sticky":false,"template":"","format":"standard","meta":[],"categories":[1],"tags":[],"_links":{"self":[{"href":"http:\/\/wpsite.osflk-livno.com\/index.php\/wp-json\/wp\/v2\/posts\/2131"}],"collection":[{"href":"http:\/\/wpsite.osflk-livno.com\/index.php\/wp-json\/wp\/v2\/posts"}],"about":[{"href":"http:\/\/wpsite.osflk-livno.com\/index.php\/wp-json\/wp\/v2\/types\/post"}],"author":[{"embeddable":true,"href":"http:\/\/wpsite.osflk-livno.com\/index.php\/wp-json\/wp\/v2\/users\/2"}],"replies":[{"embeddable":true,"href":"http:\/\/wpsite.osflk-livno.com\/index.php\/wp-json\/wp\/v2\/comments?post=2131"}],"version-history":[{"count":2,"href":"http:\/\/wpsite.osflk-livno.com\/index.php\/wp-json\/wp\/v2\/posts\/2131\/revisions"}],"predecessor-version":[{"id":2142,"href":"http:\/\/wpsite.osflk-livno.com\/index.php\/wp-json\/wp\/v2\/posts\/2131\/revisions\/2142"}],"wp:attachment":[{"href":"http:\/\/wpsite.osflk-livno.com\/index.php\/wp-json\/wp\/v2\/media?parent=2131"}],"wp:term":[{"taxonomy":"category","embeddable":true,"href":"http:\/\/wpsite.osflk-livno.com\/index.php\/wp-json\/wp\/v2\/categories?post=2131"},{"taxonomy":"post_tag","embeddable":true,"href":"http:\/\/wpsite.osflk-livno.com\/index.php\/wp-json\/wp\/v2\/tags?post=2131"}],"curies":[{"name":"wp","href":"https:\/\/api.w.org\/{rel}","templated":true}]}}