{"id":2075,"date":"2024-03-20T15:06:32","date_gmt":"2024-03-20T15:06:32","guid":{"rendered":"https:\/\/wpsite.osflk-livno.com\/?p=2075"},"modified":"2024-03-20T15:45:00","modified_gmt":"2024-03-20T15:45:00","slug":"svjetski-dan-osoba-s-down-sindromom","status":"publish","type":"post","link":"http:\/\/wpsite.osflk-livno.com\/index.php\/2024\/03\/20\/svjetski-dan-osoba-s-down-sindromom\/","title":{"rendered":"SVJETSKI DAN OSOBA S DOWN SINDROMOM"},"content":{"rendered":"\n<figure class=\"wp-block-image size-full\"><img loading=\"lazy\" width=\"1131\" height=\"1600\" src=\"https:\/\/wpsite.osflk-livno.com\/wp-content\/uploads\/2024\/03\/IMG-20240320-WA0003-1.jpg\" alt=\"\" class=\"wp-image-2085\"\/><\/figure>\n\n\n\n<p><strong>\u0160to je Down sindrom?<\/strong><\/p>\n\n\n\n<p>Down sindrom ili Trisomija 21 je genetsko stanje koje je oduvijek bilo dio ljudske prirode uvjetovano brojem i strukturom kromosoma. Kromosomi su si\u0107u\u0161ne nakupine bjelan\u010devina koje se nalaze u svakoj stanici ljudskog tijela. Osobe s Down sindromom imaju jedan cijeli ili dio 21. kromosoma vi\u0161e. Tako osobe s Down sindromom imaju 47 kromosoma dok je uobi\u010dajeno 46 kromosoma.<\/p>\n\n\n\n<p>Downov sindrom\u00a0se mo\u017ee javiti kod svih skupina ljudi i mo\u017ee se javiti u bilo kojoj obitelji\u00a0bez obzira na zdravlje roditelja, na\u010din \u017eivota ili ekonomsku situaciju. Do danas su provedena brojna istra\u017eivanja, ali\u00a0to\u010dan uzrok druga\u010dije podjele stanica jo\u0161 uvijek nije poznat.<\/p>\n\n\n\n<p><strong>Svjetski dan osoba s Down sindromom<\/strong><\/p>\n\n\n\n<p>Svjetski dan osoba s Down sindromom obilje\u017eava se&nbsp;<strong>21. o\u017eujka<\/strong>&nbsp;svake godine kako bi se podigla svijest o Down sindromu i promicala prava osoba s Down sindromom. Ovaj datum je odabran jer simbolizira jedinstvenost tripliciranja 21. kromosoma koji uzrokuje Down sindrom.<\/p>\n\n\n\n<p>Obilje\u017eavanje Svjetskog dana osoba s Down sindromom va\u017eno je jer pru\u017ea priliku za razbijanje stereotipa i promicanje inkluzije i dobrobiti osoba s Down sindromom. Ujedinjeni narodi su 2011. godine proglasili 21. o\u017eujak Svjetskim danom osoba s Down sindromom, a od 2012. godine se ovaj dan slu\u017ebeno obilje\u017eava.<\/p>\n\n\n\n<p><strong>\u201cRazli\u010dite \u010darape\u201d &#8211; simbol inkluzije<\/strong><\/p>\n\n\n\n<p>Obilje\u017eavanje Svjetskog dana osoba s Down sindromom karakterizira no\u0161enje razli\u010ditih \u0161arenih \u010darapa u znak podr\u0161ke i prihva\u0107anja razli\u010ditosti. Treba naglasiti da no\u0161enje razli\u010ditih \u010darapa ne zna\u010di da osobe s Down sindromom ne znaju ili ne mogu spariti jednake \u010darape nego kromosomi svojim oblikom podsje\u0107aju na \u010darape. Zbog toga razli\u010dite \u010darape simboliziraju na\u0161u razli\u010ditost, a razli\u010ditosti \u010dine svijet veselijim i \u0161arenijim mjestom.<\/p>\n\n\n\n<p>Nositi razli\u010dite \u010darape je jednostavan, ali mo\u0107an na\u010din da se poka\u017ee podr\u0161ka za osobe s Down sindromom i da se \u0161alje poruka o va\u017enosti inkluzije i jednakosti. Ovaj \u010din tako\u0111er slu\u017ei kao podsjetnik da su razlike me\u0111u ljudima ne\u0161to \u0161to nas oboga\u0107uje i \u010dini na\u0161e zajednice ja\u010dima.<\/p>\n\n\n\n<p><strong>Tema za 2024. godinu<\/strong><\/p>\n\n\n\n<p>Tema Svjetskog dana osoba s Down sindromom za 2024. godinu je \u201cKraj stereotipima\u201d. Poziva se ljude diljem svijeta da prestanu sa stereotipima koji mogu sprije\u010diti osobe s Down sindromom da budu tretirane kao i druge osobe. Stereotipi mogu biti pozitivni, negativni ili neutralni, ali \u010desto su neto\u010dni ili jednostavno krivi.<\/p>\n\n\n\n<p>Postoji dosta primjera osoba s Down sindromom u svijetu ali i kod nas koji ru\u0161e predrasude i pokazuju nam da je sve mogu\u0107e. Neke od njih donosimo u nastavku.<\/p>\n\n\n\n<figure class=\"wp-block-image size-full\"><img loading=\"lazy\" width=\"1259\" height=\"840\" src=\"https:\/\/wpsite.osflk-livno.com\/wp-content\/uploads\/2024\/03\/1.jpg\" alt=\"\" class=\"wp-image-2077\"\/><figcaption>Filip, Ivica i Kristofer, prvi su hrvatski predstavnici koji su nastupili na Svjetskom atletskom prvenstvu za osobe s Down sindromom odr\u017eanom u Portugalu 2018. godine i postigli iznimne sportske rezultate.<\/figcaption><\/figure>\n\n\n\n<figure class=\"wp-block-image size-full\"><img loading=\"lazy\" width=\"960\" height=\"640\" src=\"https:\/\/wpsite.osflk-livno.com\/wp-content\/uploads\/2024\/03\/2.jpg\" alt=\"\" class=\"wp-image-2078\"\/><figcaption>Roko, Danijela, Stipe i Tihana su kao \u010dlanovi Hrvatske parataekwondo reprezentacije u listopadu 2023. u Meksiku osvojili zlatne medalje.<\/figcaption><\/figure>\n\n\n\n<figure class=\"wp-block-image size-full\"><img loading=\"lazy\" width=\"768\" height=\"512\" src=\"https:\/\/wpsite.osflk-livno.com\/wp-content\/uploads\/2024\/03\/3.jpg\" alt=\"\" class=\"wp-image-2079\"\/><figcaption>Azra Dedi\u0107 je poznata kao prva osoba s Downovim sindromom koja je stekla majstorsko zvanje u bilo kojoj borila\u010dkoj vje\u0161tini. Osvojila je zlato na Europskom i broncu na Svjetskom prvenstvu u judou. Uz sportske uspjehe, Azra je i prva zaposlena osoba s Down sindromom u BiH.<\/figcaption><\/figure>\n\n\n\n<figure class=\"wp-block-image size-full is-style-default\"><img loading=\"lazy\" width=\"1059\" height=\"705\" src=\"https:\/\/wpsite.osflk-livno.com\/wp-content\/uploads\/2024\/03\/4.jpg\" alt=\"\" class=\"wp-image-2080\"\/><figcaption>Anes Kujovi\u0107 je prvi UN Volonter u sklopu Regionalnog programa lokalne demokracije na Zapadnom Balkanu 2 s Down sindromom u svijetu. Anes radi u Slu\u017ebi za obrazovanje, kulturu i sport u Op\u0107ini Centar Sarajevo, gdje obavlja administrativne poslove kao UN volonter.<\/figcaption><\/figure>\n\n\n\n<figure class=\"wp-block-image size-full\"><img loading=\"lazy\" width=\"930\" height=\"621\" src=\"https:\/\/wpsite.osflk-livno.com\/wp-content\/uploads\/2024\/03\/5.jpg\" alt=\"\" class=\"wp-image-2081\"\/><figcaption>Vuk Trajkovi\u0107 prva osoba s Down sindromom zaposlena u zdravstvenom sustavu Srbije kao fizioterapeut ima poruku za sve nas: &#8220;Svima \u017eelim da budu samostalni i da tako nastave i znam danas da svatko mo\u017ee ovo do\u017eivjeti. Jako sam sretan, zauvijek\u201c.<\/figcaption><\/figure>\n","protected":false},"excerpt":{"rendered":"<p>\u0160to je Down sindrom? Down sindrom ili Trisomija 21 je genetsko stanje koje je oduvijek bilo dio ljudske prirode uvjetovano brojem i strukturom kromosoma. Kromosomi su si\u0107u\u0161ne nakupine bjelan\u010devina koje se nalaze u svakoj stanici ljudskog tijela. Osobe s Down sindromom imaju jedan cijeli ili dio 21. kromosoma vi\u0161e. Tako osobe s Down sindromom imaju &hellip; <\/p>\n<p class=\"link-more\"><a href=\"http:\/\/wpsite.osflk-livno.com\/index.php\/2024\/03\/20\/svjetski-dan-osoba-s-down-sindromom\/\" class=\"more-link\">Read more<span class=\"screen-reader-text\"> &#8220;SVJETSKI DAN OSOBA S DOWN SINDROMOM&#8221;<\/span><\/a><\/p>\n","protected":false},"author":2,"featured_media":0,"comment_status":"closed","ping_status":"open","sticky":false,"template":"","format":"standard","meta":[],"categories":[1],"tags":[],"_links":{"self":[{"href":"http:\/\/wpsite.osflk-livno.com\/index.php\/wp-json\/wp\/v2\/posts\/2075"}],"collection":[{"href":"http:\/\/wpsite.osflk-livno.com\/index.php\/wp-json\/wp\/v2\/posts"}],"about":[{"href":"http:\/\/wpsite.osflk-livno.com\/index.php\/wp-json\/wp\/v2\/types\/post"}],"author":[{"embeddable":true,"href":"http:\/\/wpsite.osflk-livno.com\/index.php\/wp-json\/wp\/v2\/users\/2"}],"replies":[{"embeddable":true,"href":"http:\/\/wpsite.osflk-livno.com\/index.php\/wp-json\/wp\/v2\/comments?post=2075"}],"version-history":[{"count":6,"href":"http:\/\/wpsite.osflk-livno.com\/index.php\/wp-json\/wp\/v2\/posts\/2075\/revisions"}],"predecessor-version":[{"id":2089,"href":"http:\/\/wpsite.osflk-livno.com\/index.php\/wp-json\/wp\/v2\/posts\/2075\/revisions\/2089"}],"wp:attachment":[{"href":"http:\/\/wpsite.osflk-livno.com\/index.php\/wp-json\/wp\/v2\/media?parent=2075"}],"wp:term":[{"taxonomy":"category","embeddable":true,"href":"http:\/\/wpsite.osflk-livno.com\/index.php\/wp-json\/wp\/v2\/categories?post=2075"},{"taxonomy":"post_tag","embeddable":true,"href":"http:\/\/wpsite.osflk-livno.com\/index.php\/wp-json\/wp\/v2\/tags?post=2075"}],"curies":[{"name":"wp","href":"https:\/\/api.w.org\/{rel}","templated":true}]}}