{"id":2042,"date":"2023-12-18T19:44:01","date_gmt":"2023-12-18T19:44:01","guid":{"rendered":"https:\/\/wpsite.osflk-livno.com\/?p=2042"},"modified":"2023-12-18T19:44:01","modified_gmt":"2023-12-18T19:44:01","slug":"najbolji-osnovci-i-srednjoskolci-iz-federacije-bih-dobili-nagrade-za-uspjeh","status":"publish","type":"post","link":"http:\/\/wpsite.osflk-livno.com\/index.php\/2023\/12\/18\/najbolji-osnovci-i-srednjoskolci-iz-federacije-bih-dobili-nagrade-za-uspjeh\/","title":{"rendered":"Najbolji osnovci i srednjo\u0161kolci iz Federacije BiH dobili nagrade za uspjeh"},"content":{"rendered":"\n<figure class=\"wp-block-image size-full\"><img loading=\"lazy\" width=\"1600\" height=\"720\" src=\"https:\/\/wpsite.osflk-livno.com\/wp-content\/uploads\/2023\/12\/404292827_1067412341140189_199323890726875679_n.jpg\" alt=\"\" class=\"wp-image-2048\"\/><\/figure>\n\n\n\n<p>Sve\u010dana dodjela nagrada najboljim u\u010denicima osnovnih i srednjih \u0161kola u Federaciji BiH u \u0161kolskoj 2022\/2023 godini uprili\u010dena je danas u Sarajevu. Federalna ministrica obrazovanja i nauke prof. dr. Jasna Durakovi\u0107 na ovoj tradicionalnoj manifestaciji, u organizaciji Federalnog ministarstva obrazovanja i nauke, uru\u010dila je diplome i jednokratne nov\u010dane nagrade za 59 osnovaca i srednjo\u0161kolaca koja su nominirala kantonalna ministarstva obrazovanja. Tim povodom, nagra\u0111eni su i u\u010denici na\u0161e \u0161kole: Mihael Mihaljevi\u0107 (Mati\u010dna \u0161kola) i Franka Karaula (P\u0160 Priluka). \u010cestitamo u\u010denicima, njihovim roditeljima i nastavnicima!<\/p>\n\n\n\n<p>Ministrica Durakovi\u0107 je na sve\u010danosti uru\u010dila priznanja i za 55 osnovnih i srednjih \u0161kola koje su davale podstrek da u\u010denici postignu vrhunske rezultate.<\/p>\n\n\n\n<figure class=\"wp-block-gallery has-nested-images columns-default is-cropped\">\n<figure class=\"wp-block-image size-large\"><img loading=\"lazy\" width=\"720\" height=\"1600\" data-id=\"2047\"  src=\"https:\/\/wpsite.osflk-livno.com\/wp-content\/uploads\/2023\/12\/404045812_895308531805725_3524306893043722000_n.jpg\" alt=\"\" class=\"wp-image-2047\"\/><\/figure>\n\n\n\n<figure class=\"wp-block-image size-large\"><img loading=\"lazy\" width=\"720\" height=\"1600\" data-id=\"2046\"  src=\"https:\/\/wpsite.osflk-livno.com\/wp-content\/uploads\/2023\/12\/387333303_899122555203925_2855515631984185566_n.jpg\" alt=\"\" class=\"wp-image-2046\"\/><\/figure>\n\n\n\n<figure class=\"wp-block-image size-large\"><img loading=\"lazy\" width=\"720\" height=\"1600\" data-id=\"2044\"  src=\"https:\/\/wpsite.osflk-livno.com\/wp-content\/uploads\/2023\/12\/404099806_6930134117040117_3716860260619246261_n.jpg\" alt=\"\" class=\"wp-image-2044\"\/><\/figure>\n\n\n\n<figure class=\"wp-block-image size-large\"><img loading=\"lazy\" width=\"1600\" height=\"720\" data-id=\"2045\"  src=\"https:\/\/wpsite.osflk-livno.com\/wp-content\/uploads\/2023\/12\/403796226_3667452743525599_1873933363566980085_n.jpg\" alt=\"\" class=\"wp-image-2045\"\/><\/figure>\n<\/figure>\n","protected":false},"excerpt":{"rendered":"<p>Sve\u010dana dodjela nagrada najboljim u\u010denicima osnovnih i srednjih \u0161kola u Federaciji BiH u \u0161kolskoj 2022\/2023 godini uprili\u010dena je danas u Sarajevu. Federalna ministrica obrazovanja i nauke prof. dr. Jasna Durakovi\u0107 na ovoj tradicionalnoj manifestaciji, u organizaciji Federalnog ministarstva obrazovanja i nauke, uru\u010dila je diplome i jednokratne nov\u010dane nagrade za 59 osnovaca i srednjo\u0161kolaca koja su &hellip; <\/p>\n<p class=\"link-more\"><a href=\"http:\/\/wpsite.osflk-livno.com\/index.php\/2023\/12\/18\/najbolji-osnovci-i-srednjoskolci-iz-federacije-bih-dobili-nagrade-za-uspjeh\/\" class=\"more-link\">Read more<span class=\"screen-reader-text\"> &#8220;Najbolji osnovci i srednjo\u0161kolci iz Federacije BiH dobili nagrade za uspjeh&#8221;<\/span><\/a><\/p>\n","protected":false},"author":2,"featured_media":0,"comment_status":"closed","ping_status":"open","sticky":false,"template":"","format":"standard","meta":[],"categories":[1],"tags":[],"_links":{"self":[{"href":"http:\/\/wpsite.osflk-livno.com\/index.php\/wp-json\/wp\/v2\/posts\/2042"}],"collection":[{"href":"http:\/\/wpsite.osflk-livno.com\/index.php\/wp-json\/wp\/v2\/posts"}],"about":[{"href":"http:\/\/wpsite.osflk-livno.com\/index.php\/wp-json\/wp\/v2\/types\/post"}],"author":[{"embeddable":true,"href":"http:\/\/wpsite.osflk-livno.com\/index.php\/wp-json\/wp\/v2\/users\/2"}],"replies":[{"embeddable":true,"href":"http:\/\/wpsite.osflk-livno.com\/index.php\/wp-json\/wp\/v2\/comments?post=2042"}],"version-history":[{"count":1,"href":"http:\/\/wpsite.osflk-livno.com\/index.php\/wp-json\/wp\/v2\/posts\/2042\/revisions"}],"predecessor-version":[{"id":2049,"href":"http:\/\/wpsite.osflk-livno.com\/index.php\/wp-json\/wp\/v2\/posts\/2042\/revisions\/2049"}],"wp:attachment":[{"href":"http:\/\/wpsite.osflk-livno.com\/index.php\/wp-json\/wp\/v2\/media?parent=2042"}],"wp:term":[{"taxonomy":"category","embeddable":true,"href":"http:\/\/wpsite.osflk-livno.com\/index.php\/wp-json\/wp\/v2\/categories?post=2042"},{"taxonomy":"post_tag","embeddable":true,"href":"http:\/\/wpsite.osflk-livno.com\/index.php\/wp-json\/wp\/v2\/tags?post=2042"}],"curies":[{"name":"wp","href":"https:\/\/api.w.org\/{rel}","templated":true}]}}