{"id":2031,"date":"2023-12-06T11:29:31","date_gmt":"2023-12-06T11:29:31","guid":{"rendered":"https:\/\/wpsite.osflk-livno.com\/?p=2031"},"modified":"2023-12-06T11:29:31","modified_gmt":"2023-12-06T11:29:31","slug":"posjeta-gradonacelnika-darka-condrica-povodom-sv-nikole-i-nadolazecih-bozicnih-blagdana","status":"publish","type":"post","link":"http:\/\/wpsite.osflk-livno.com\/index.php\/2023\/12\/06\/posjeta-gradonacelnika-darka-condrica-povodom-sv-nikole-i-nadolazecih-bozicnih-blagdana\/","title":{"rendered":"Posjeta gradona\u010delnika Darka \u010condri\u0107a povodom Sv. Nikole i nadolaze\u0107ih bo\u017ei\u0107nih blagdana"},"content":{"rendered":"\n<figure class=\"wp-block-image size-full\"><img loading=\"lazy\" width=\"1600\" height=\"1200\" src=\"https:\/\/wpsite.osflk-livno.com\/wp-content\/uploads\/2023\/12\/IMG-20231206-WA0007.jpg\" alt=\"\" class=\"wp-image-2032\"\/><\/figure>\n\n\n\n<p>Povodom blagdana Sv. Nikole i nadolaze\u0107ih bo\u017ei\u0107nih blagdana, gradona\u010delnik Darko \u010condri\u0107 je posjetio na\u0161u \u0161kolu i podijelio prigodne paketi\u0107e u\u010denicima Posebnih odjela.<\/p>\n\n\n\n<figure class=\"wp-block-image size-full\"><img loading=\"lazy\" width=\"2048\" height=\"2048\" src=\"https:\/\/wpsite.osflk-livno.com\/wp-content\/uploads\/2023\/12\/IMG-20231206-WA0008.jpg\" alt=\"\" class=\"wp-image-2033\"\/><\/figure>\n","protected":false},"excerpt":{"rendered":"<p>Povodom blagdana Sv. Nikole i nadolaze\u0107ih bo\u017ei\u0107nih blagdana, gradona\u010delnik Darko \u010condri\u0107 je posjetio na\u0161u \u0161kolu i podijelio prigodne paketi\u0107e u\u010denicima Posebnih odjela.<\/p>\n","protected":false},"author":2,"featured_media":0,"comment_status":"closed","ping_status":"open","sticky":false,"template":"","format":"standard","meta":[],"categories":[1],"tags":[],"_links":{"self":[{"href":"http:\/\/wpsite.osflk-livno.com\/index.php\/wp-json\/wp\/v2\/posts\/2031"}],"collection":[{"href":"http:\/\/wpsite.osflk-livno.com\/index.php\/wp-json\/wp\/v2\/posts"}],"about":[{"href":"http:\/\/wpsite.osflk-livno.com\/index.php\/wp-json\/wp\/v2\/types\/post"}],"author":[{"embeddable":true,"href":"http:\/\/wpsite.osflk-livno.com\/index.php\/wp-json\/wp\/v2\/users\/2"}],"replies":[{"embeddable":true,"href":"http:\/\/wpsite.osflk-livno.com\/index.php\/wp-json\/wp\/v2\/comments?post=2031"}],"version-history":[{"count":1,"href":"http:\/\/wpsite.osflk-livno.com\/index.php\/wp-json\/wp\/v2\/posts\/2031\/revisions"}],"predecessor-version":[{"id":2034,"href":"http:\/\/wpsite.osflk-livno.com\/index.php\/wp-json\/wp\/v2\/posts\/2031\/revisions\/2034"}],"wp:attachment":[{"href":"http:\/\/wpsite.osflk-livno.com\/index.php\/wp-json\/wp\/v2\/media?parent=2031"}],"wp:term":[{"taxonomy":"category","embeddable":true,"href":"http:\/\/wpsite.osflk-livno.com\/index.php\/wp-json\/wp\/v2\/categories?post=2031"},{"taxonomy":"post_tag","embeddable":true,"href":"http:\/\/wpsite.osflk-livno.com\/index.php\/wp-json\/wp\/v2\/tags?post=2031"}],"curies":[{"name":"wp","href":"https:\/\/api.w.org\/{rel}","templated":true}]}}