{"id":2022,"date":"2023-12-01T14:15:01","date_gmt":"2023-12-01T14:15:01","guid":{"rendered":"https:\/\/wpsite.osflk-livno.com\/?p=2022"},"modified":"2023-12-01T14:15:01","modified_gmt":"2023-12-01T14:15:01","slug":"skola-zajednistva","status":"publish","type":"post","link":"http:\/\/wpsite.osflk-livno.com\/index.php\/2023\/12\/01\/skola-zajednistva\/","title":{"rendered":"\u0160kola zajedni\u0161tva"},"content":{"rendered":"\n<figure class=\"wp-block-image size-full\"><img loading=\"lazy\" width=\"771\" height=\"313\" src=\"https:\/\/wpsite.osflk-livno.com\/wp-content\/uploads\/2023\/12\/sl1.png\" alt=\"\" class=\"wp-image-2023\"\/><\/figure>\n\n\n\n<p>27.11.2023. godine je u Bioekolo\u0161ko-edukacijskom centru \u201eVirovi\u201c odr\u017eana zavr\u0161na konferencija projekta \u201e\u0160kola zajedni\u0161tva\u201c kojim su Osnovna \u0161kola fra Bernardina Tome Leakovi\u0107a, Bo\u0161njaci te Osnovna \u0161kola \u201eFra Lovro Karaula\u201c (P\u0160 Podhum), Livno obilje\u017eili zavr\u0161etak uspje\u0161ne realizacije projekta. Projekt \u201e\u0160kola zajedni\u0161tva\u201c proveden je u sklopu Programa prekograni\u010dne suradnje izme\u0111u Republike Hrvatske i Bosne i Hercegovine za 2023. godinu \u010diji je nositelj Ministarstvo regionalnog razvoja i fondova Europske unije. Sredstva za provedbu programa planirana su u Dr\u017eavnom prora\u010dunu Republike Hrvatske za 2023. godinu. Cilj Programa jest ja\u010danje prekograni\u010dne suradnje izme\u0111u Republike Hrvatske i Bosne i Hercegovine kroz gospodarsku, socijalnu i demografsku revitalizaciju pograni\u010dnog podru\u010dja te pru\u017eanje potpore Hrvatima u Bosni i Hercegovini, njihovom povratku i ostanku te o\u010duvanju njihove pune ravnopravnosti.<\/p>\n\n\n\n<figure class=\"wp-block-image size-full\"><img loading=\"lazy\" width=\"1920\" height=\"1080\" src=\"https:\/\/wpsite.osflk-livno.com\/wp-content\/uploads\/2023\/12\/sl2.png\" alt=\"\" class=\"wp-image-2024\"\/><\/figure>\n\n\n\n<p>U sklopu projekta \u201e\u0160kola zajedni\u0161tva\u201c Osnovna \u0161kola fra Bernardina Tome Leakovi\u0107a, Bo\u0161njaci kao Vode\u0107i partner opremila je i modernizirala svoju \u0161kolsku kuhinju dok je Osnovna \u0161kola \u201eFra Lovro Karaula\u201c, Livno kao partner u projektu zahvaljuju\u0107i dobivenim sredstvima izvr\u0161ila rekonstrukciju dotrajalog sustava grijanja u podru\u010dnoj \u0161koli Podhum.<\/p>\n\n\n\n<p>Realizacijom projekta, uz rje\u0161avanje infrastrukturnih potreba obiju \u0161kola, sklopljeno je i va\u017eno partnerstvo koje \u0107e biti dobar temelj budu\u0107e suradnje kroz razmjenu pozitivnih iskustava te potencijalne budu\u0107e zajedni\u010dke projekte.<\/p>\n\n\n\n<p>Partneri u projektu zahvaljuju se Ministarstvu regionalnog razvoja i fondova Europske unije kao nositelju programa, Vukovarsko-srijemskoj \u017eupaniji i Gradu Livnu kao osniva\u010dima koji su financijski podr\u017eali realizaciju projekta te Razvojnoj agenciji Vukovarsko-srijemske \u017eupanije na pru\u017eanju stru\u010dne pomo\u0107i kao i svim drugim dionicima u projektu koji si pridonijeli uspje\u0161noj realizaciji istog.<\/p>\n\n\n\n<figure class=\"wp-block-gallery has-nested-images columns-default is-cropped\">\n<figure class=\"wp-block-image size-large\"><img loading=\"lazy\" width=\"1600\" height=\"1200\" data-id=\"2026\"  src=\"https:\/\/wpsite.osflk-livno.com\/wp-content\/uploads\/2023\/12\/sl6.jpg\" alt=\"\" class=\"wp-image-2026\"\/><\/figure>\n\n\n\n<figure class=\"wp-block-image size-large\"><img loading=\"lazy\" width=\"4000\" height=\"2252\" data-id=\"2025\"  src=\"https:\/\/wpsite.osflk-livno.com\/wp-content\/uploads\/2023\/12\/sl5.jpg\" alt=\"\" class=\"wp-image-2025\"\/><\/figure>\n\n\n\n<figure class=\"wp-block-image size-large\"><img loading=\"lazy\" width=\"4000\" height=\"2252\" data-id=\"2027\"  src=\"https:\/\/wpsite.osflk-livno.com\/wp-content\/uploads\/2023\/12\/sl4.jpg\" alt=\"\" class=\"wp-image-2027\"\/><\/figure>\n\n\n\n<figure class=\"wp-block-image size-large\"><img loading=\"lazy\" width=\"4000\" height=\"2252\" data-id=\"2028\"  src=\"https:\/\/wpsite.osflk-livno.com\/wp-content\/uploads\/2023\/12\/sl3.jpg\" alt=\"\" class=\"wp-image-2028\"\/><\/figure>\n<\/figure>\n","protected":false},"excerpt":{"rendered":"<p>27.11.2023. godine je u Bioekolo\u0161ko-edukacijskom centru \u201eVirovi\u201c odr\u017eana zavr\u0161na konferencija projekta \u201e\u0160kola zajedni\u0161tva\u201c kojim su Osnovna \u0161kola fra Bernardina Tome Leakovi\u0107a, Bo\u0161njaci te Osnovna \u0161kola \u201eFra Lovro Karaula\u201c (P\u0160 Podhum), Livno obilje\u017eili zavr\u0161etak uspje\u0161ne realizacije projekta. Projekt \u201e\u0160kola zajedni\u0161tva\u201c proveden je u sklopu Programa prekograni\u010dne suradnje izme\u0111u Republike Hrvatske i Bosne i Hercegovine za 2023. &hellip; <\/p>\n<p class=\"link-more\"><a href=\"http:\/\/wpsite.osflk-livno.com\/index.php\/2023\/12\/01\/skola-zajednistva\/\" class=\"more-link\">Read more<span class=\"screen-reader-text\"> &#8220;\u0160kola zajedni\u0161tva&#8221;<\/span><\/a><\/p>\n","protected":false},"author":2,"featured_media":0,"comment_status":"closed","ping_status":"open","sticky":false,"template":"","format":"standard","meta":[],"categories":[1],"tags":[],"_links":{"self":[{"href":"http:\/\/wpsite.osflk-livno.com\/index.php\/wp-json\/wp\/v2\/posts\/2022"}],"collection":[{"href":"http:\/\/wpsite.osflk-livno.com\/index.php\/wp-json\/wp\/v2\/posts"}],"about":[{"href":"http:\/\/wpsite.osflk-livno.com\/index.php\/wp-json\/wp\/v2\/types\/post"}],"author":[{"embeddable":true,"href":"http:\/\/wpsite.osflk-livno.com\/index.php\/wp-json\/wp\/v2\/users\/2"}],"replies":[{"embeddable":true,"href":"http:\/\/wpsite.osflk-livno.com\/index.php\/wp-json\/wp\/v2\/comments?post=2022"}],"version-history":[{"count":1,"href":"http:\/\/wpsite.osflk-livno.com\/index.php\/wp-json\/wp\/v2\/posts\/2022\/revisions"}],"predecessor-version":[{"id":2029,"href":"http:\/\/wpsite.osflk-livno.com\/index.php\/wp-json\/wp\/v2\/posts\/2022\/revisions\/2029"}],"wp:attachment":[{"href":"http:\/\/wpsite.osflk-livno.com\/index.php\/wp-json\/wp\/v2\/media?parent=2022"}],"wp:term":[{"taxonomy":"category","embeddable":true,"href":"http:\/\/wpsite.osflk-livno.com\/index.php\/wp-json\/wp\/v2\/categories?post=2022"},{"taxonomy":"post_tag","embeddable":true,"href":"http:\/\/wpsite.osflk-livno.com\/index.php\/wp-json\/wp\/v2\/tags?post=2022"}],"curies":[{"name":"wp","href":"https:\/\/api.w.org\/{rel}","templated":true}]}}