{"id":1991,"date":"2023-10-22T17:02:21","date_gmt":"2023-10-22T17:02:21","guid":{"rendered":"https:\/\/wpsite.osflk-livno.com\/?p=1991"},"modified":"2023-10-22T17:02:21","modified_gmt":"2023-10-22T17:02:21","slug":"terenska-nastava-1-i-2-razreda-ps-ljubuncic","status":"publish","type":"post","link":"http:\/\/wpsite.osflk-livno.com\/index.php\/2023\/10\/22\/terenska-nastava-1-i-2-razreda-ps-ljubuncic\/","title":{"rendered":"Terenska nastava 1. i 2. razreda P\u0160 Ljubun\u010di\u0107"},"content":{"rendered":"\n<figure class=\"wp-block-image size-full\"><img loading=\"lazy\" width=\"2048\" height=\"1153\" src=\"https:\/\/wpsite.osflk-livno.com\/wp-content\/uploads\/2023\/10\/IMG-20231022-WA0029.jpg\" alt=\"\" class=\"wp-image-1999\"\/><\/figure>\n\n\n\n<p><\/p>\n\n\n\n<p>U\u010denici 1. i 2. razreda P\u0160 Ljubun\u010di\u0107 u pratnji svojih u\u010diteljica i vjerou\u010diteljice sudjelovali su na terenskoj nastavi 18.listopada. Budu\u0107i da u listopadu obilje\u017eavamo Dane kruha i zahvalnosti za plodove zemlje posjetili smo pekaru Metropolis gdje nas je srda\u010dno ugostila g\u0111a Valentina Keli\u0107. Ona je u\u010denicima pokazala \u017eitarice koje se koriste u proizvodnji kruha, postupak pravljenja kruha, te su u\u010denici mogli mijesiti i izra\u0111ivati razne vrste peciva. Za kraj ih je g\u0111a Keli\u0107 velikodu\u0161no po\u010dastila pizzama, kroasanima i soki\u0107ima.<\/p>\n\n\n\n<figure class=\"wp-block-gallery has-nested-images columns-default is-cropped\">\n<figure class=\"wp-block-image size-large\"><img loading=\"lazy\" width=\"2048\" height=\"1153\" data-id=\"2000\"  src=\"https:\/\/wpsite.osflk-livno.com\/wp-content\/uploads\/2023\/10\/IMG-20231022-WA0022-1.jpg\" alt=\"\" class=\"wp-image-2000\"\/><\/figure>\n\n\n\n<figure class=\"wp-block-image size-large\"><img loading=\"lazy\" width=\"2048\" height=\"1153\" data-id=\"1994\"  src=\"https:\/\/wpsite.osflk-livno.com\/wp-content\/uploads\/2023\/10\/IMG-20231022-WA0023.jpg\" alt=\"\" class=\"wp-image-1994\"\/><\/figure>\n\n\n\n<figure class=\"wp-block-image size-large\"><img loading=\"lazy\" width=\"2048\" height=\"1153\" data-id=\"1993\"  src=\"https:\/\/wpsite.osflk-livno.com\/wp-content\/uploads\/2023\/10\/IMG-20231022-WA0024.jpg\" alt=\"\" class=\"wp-image-1993\"\/><\/figure>\n<\/figure>\n\n\n\n<p><\/p>\n\n\n\n<p>Kako u listopadu obilje\u017eavamo \u201eMjesec hrvatske knjige\u201c posjetili smo i Gradsku knji\u017enicu, upoznali se s njezinim radom te listali i \u010ditali slikovnice.<\/p>\n\n\n\n<figure class=\"wp-block-gallery has-nested-images columns-default is-cropped\">\n<figure class=\"wp-block-image size-large\"><img loading=\"lazy\" width=\"2048\" height=\"1153\" data-id=\"1998\"  src=\"https:\/\/wpsite.osflk-livno.com\/wp-content\/uploads\/2023\/10\/IMG-20231022-WA0025.jpg\" alt=\"\" class=\"wp-image-1998\"\/><\/figure>\n\n\n\n<figure class=\"wp-block-image size-large\"><img loading=\"lazy\" width=\"2048\" height=\"1153\" data-id=\"1995\"  src=\"https:\/\/wpsite.osflk-livno.com\/wp-content\/uploads\/2023\/10\/IMG-20231022-WA0027.jpg\" alt=\"\" class=\"wp-image-1995\"\/><\/figure>\n\n\n\n<figure class=\"wp-block-image size-large\"><img loading=\"lazy\" width=\"2048\" height=\"1153\" data-id=\"1997\"  src=\"https:\/\/wpsite.osflk-livno.com\/wp-content\/uploads\/2023\/10\/IMG-20231022-WA0026.jpg\" alt=\"\" class=\"wp-image-1997\"\/><\/figure>\n\n\n\n<figure class=\"wp-block-image size-large\"><img loading=\"lazy\" width=\"1153\" height=\"2048\" data-id=\"1996\"  src=\"https:\/\/wpsite.osflk-livno.com\/wp-content\/uploads\/2023\/10\/IMG-20231022-WA0028.jpg\" alt=\"\" class=\"wp-image-1996\"\/><\/figure>\n<\/figure>\n\n\n\n<p><\/p>\n\n\n\n<p><\/p>\n\n\n\n<p>U\u010denici su ovom terenskom nastavom oboga\u0107eni novim znanjima i iskustvima.<\/p>\n\n\n\n<p>Zadovoljni i puni dojmova sretno su se vratili ku\u0107i autobusom Livno-busa.<\/p>\n\n\n\n<p>Ovim putem zahvaljujemo pekari Metropolis i g\u0111i Valentini Keli\u0107, ravnateljici Gradske knji\u017enice g\u0111i Dragi Kre\u0161o i Livno-busu koji nam je omogu\u0107io besplatan prijevoz svojim redovnim linijama.<\/p>\n\n\n\n<p><\/p>\n\n\n\n<p class=\"has-text-align-right\">U\u010denici 1. i 2. razreda sa svojim u\u010diteljicama i vjerou\u010diteljicom<\/p>\n","protected":false},"excerpt":{"rendered":"<p>U\u010denici 1. i 2. razreda P\u0160 Ljubun\u010di\u0107 u pratnji svojih u\u010diteljica i vjerou\u010diteljice sudjelovali su na terenskoj nastavi 18.listopada. Budu\u0107i da u listopadu obilje\u017eavamo Dane kruha i zahvalnosti za plodove zemlje posjetili smo pekaru Metropolis gdje nas je srda\u010dno ugostila g\u0111a Valentina Keli\u0107. Ona je u\u010denicima pokazala \u017eitarice koje se koriste u proizvodnji kruha, postupak &hellip; <\/p>\n<p class=\"link-more\"><a href=\"http:\/\/wpsite.osflk-livno.com\/index.php\/2023\/10\/22\/terenska-nastava-1-i-2-razreda-ps-ljubuncic\/\" class=\"more-link\">Read more<span class=\"screen-reader-text\"> &#8220;Terenska nastava 1. i 2. razreda P\u0160 Ljubun\u010di\u0107&#8221;<\/span><\/a><\/p>\n","protected":false},"author":2,"featured_media":0,"comment_status":"closed","ping_status":"open","sticky":false,"template":"","format":"standard","meta":[],"categories":[1],"tags":[],"_links":{"self":[{"href":"http:\/\/wpsite.osflk-livno.com\/index.php\/wp-json\/wp\/v2\/posts\/1991"}],"collection":[{"href":"http:\/\/wpsite.osflk-livno.com\/index.php\/wp-json\/wp\/v2\/posts"}],"about":[{"href":"http:\/\/wpsite.osflk-livno.com\/index.php\/wp-json\/wp\/v2\/types\/post"}],"author":[{"embeddable":true,"href":"http:\/\/wpsite.osflk-livno.com\/index.php\/wp-json\/wp\/v2\/users\/2"}],"replies":[{"embeddable":true,"href":"http:\/\/wpsite.osflk-livno.com\/index.php\/wp-json\/wp\/v2\/comments?post=1991"}],"version-history":[{"count":1,"href":"http:\/\/wpsite.osflk-livno.com\/index.php\/wp-json\/wp\/v2\/posts\/1991\/revisions"}],"predecessor-version":[{"id":2001,"href":"http:\/\/wpsite.osflk-livno.com\/index.php\/wp-json\/wp\/v2\/posts\/1991\/revisions\/2001"}],"wp:attachment":[{"href":"http:\/\/wpsite.osflk-livno.com\/index.php\/wp-json\/wp\/v2\/media?parent=1991"}],"wp:term":[{"taxonomy":"category","embeddable":true,"href":"http:\/\/wpsite.osflk-livno.com\/index.php\/wp-json\/wp\/v2\/categories?post=1991"},{"taxonomy":"post_tag","embeddable":true,"href":"http:\/\/wpsite.osflk-livno.com\/index.php\/wp-json\/wp\/v2\/tags?post=1991"}],"curies":[{"name":"wp","href":"https:\/\/api.w.org\/{rel}","templated":true}]}}