{"id":1985,"date":"2023-10-19T18:21:54","date_gmt":"2023-10-19T18:21:54","guid":{"rendered":"https:\/\/wpsite.osflk-livno.com\/?p=1985"},"modified":"2023-10-19T18:21:54","modified_gmt":"2023-10-19T18:21:54","slug":"od-sjemenke-do-ploda","status":"publish","type":"post","link":"http:\/\/wpsite.osflk-livno.com\/index.php\/2023\/10\/19\/od-sjemenke-do-ploda\/","title":{"rendered":"Od sjemenke do ploda"},"content":{"rendered":"\n<figure class=\"wp-block-image size-full\"><img loading=\"lazy\" width=\"803\" height=\"381\" src=\"https:\/\/wpsite.osflk-livno.com\/wp-content\/uploads\/2023\/10\/sl2.jpg\" alt=\"\" class=\"wp-image-1987\"\/><\/figure>\n\n\n\n<p>Osim zbog jestivog ploda, bundeva se uzgaja i zbog sjemenki koje imaju ve\u0107u hranjivu vrijednost od mesnatog dijela.<\/p>\n\n\n\n<p>U\u010denici <strong><em>P\u0160 Ljubun\u010di\u0107<\/em><\/strong>\u00a0 zapo\u010deli su uzgoj u travnju s ciljem promatranja rasta i razvoja biljaka, a plodove ubirali u listopadu.<\/p>\n\n\n\n<p>Ovim projektom razvili smo osje\u0107aj odgovornosti i brige za biljke, promatrali smo i bilje\u017eili promjene, usvojili znanja o procesu rasta biljaka i nau\u010dili kako iskoristiti uzgojene plodove.<\/p>\n\n\n\n<p><strong><em>P\u0160 Ljubun\u010di\u0107<\/em><\/strong> \u00a0svoje bundeve je iskoristila kao ukras povodom Dana kruha i zahvalnosti za plodove.<\/p>\n\n\n\n<p><\/p>\n\n\n\n<figure class=\"wp-block-image size-full\"><img loading=\"lazy\" width=\"839\" height=\"335\" src=\"https:\/\/wpsite.osflk-livno.com\/wp-content\/uploads\/2023\/10\/sl1-1.jpg\" alt=\"\" class=\"wp-image-1988\"\/><\/figure>\n","protected":false},"excerpt":{"rendered":"<p>Osim zbog jestivog ploda, bundeva se uzgaja i zbog sjemenki koje imaju ve\u0107u hranjivu vrijednost od mesnatog dijela. U\u010denici P\u0160 Ljubun\u010di\u0107\u00a0 zapo\u010deli su uzgoj u travnju s ciljem promatranja rasta i razvoja biljaka, a plodove ubirali u listopadu. Ovim projektom razvili smo osje\u0107aj odgovornosti i brige za biljke, promatrali smo i bilje\u017eili promjene, usvojili znanja &hellip; <\/p>\n<p class=\"link-more\"><a href=\"http:\/\/wpsite.osflk-livno.com\/index.php\/2023\/10\/19\/od-sjemenke-do-ploda\/\" class=\"more-link\">Read more<span class=\"screen-reader-text\"> &#8220;Od sjemenke do ploda&#8221;<\/span><\/a><\/p>\n","protected":false},"author":2,"featured_media":0,"comment_status":"closed","ping_status":"open","sticky":false,"template":"","format":"standard","meta":[],"categories":[1],"tags":[],"_links":{"self":[{"href":"http:\/\/wpsite.osflk-livno.com\/index.php\/wp-json\/wp\/v2\/posts\/1985"}],"collection":[{"href":"http:\/\/wpsite.osflk-livno.com\/index.php\/wp-json\/wp\/v2\/posts"}],"about":[{"href":"http:\/\/wpsite.osflk-livno.com\/index.php\/wp-json\/wp\/v2\/types\/post"}],"author":[{"embeddable":true,"href":"http:\/\/wpsite.osflk-livno.com\/index.php\/wp-json\/wp\/v2\/users\/2"}],"replies":[{"embeddable":true,"href":"http:\/\/wpsite.osflk-livno.com\/index.php\/wp-json\/wp\/v2\/comments?post=1985"}],"version-history":[{"count":1,"href":"http:\/\/wpsite.osflk-livno.com\/index.php\/wp-json\/wp\/v2\/posts\/1985\/revisions"}],"predecessor-version":[{"id":1989,"href":"http:\/\/wpsite.osflk-livno.com\/index.php\/wp-json\/wp\/v2\/posts\/1985\/revisions\/1989"}],"wp:attachment":[{"href":"http:\/\/wpsite.osflk-livno.com\/index.php\/wp-json\/wp\/v2\/media?parent=1985"}],"wp:term":[{"taxonomy":"category","embeddable":true,"href":"http:\/\/wpsite.osflk-livno.com\/index.php\/wp-json\/wp\/v2\/categories?post=1985"},{"taxonomy":"post_tag","embeddable":true,"href":"http:\/\/wpsite.osflk-livno.com\/index.php\/wp-json\/wp\/v2\/tags?post=1985"}],"curies":[{"name":"wp","href":"https:\/\/api.w.org\/{rel}","templated":true}]}}