{"id":189,"date":"2022-03-03T20:23:45","date_gmt":"2022-03-03T20:23:45","guid":{"rendered":"https:\/\/wpsite.osflk-livno.com\/?p=189"},"modified":"2022-03-03T22:11:39","modified_gmt":"2022-03-03T22:11:39","slug":"glazbena-sekcija-flk-zbor-orkestar-i-festival","status":"publish","type":"post","link":"http:\/\/wpsite.osflk-livno.com\/index.php\/2022\/03\/03\/glazbena-sekcija-flk-zbor-orkestar-i-festival\/","title":{"rendered":"Glazbena sekcija FLK (zbor, orkestar i festival)"},"content":{"rendered":"\n<figure class=\"wp-block-gallery has-nested-images columns-default is-cropped\">\n<figure class=\"wp-block-image size-large\"><img loading=\"lazy\" width=\"720\" height=\"960\" data-id=\"212\"  src=\"https:\/\/wpsite.osflk-livno.com\/wp-content\/uploads\/2022\/03\/274903150_480092590241924_5258625529871543476_n-1.jpg\" alt=\"\" class=\"wp-image-212\"\/><\/figure>\n<\/figure>\n\n\n\n<p><\/p>\n\n\n\n<p><\/p>\n\n\n\n<p><\/p>\n\n\n\n<p>Ve\u0107 mjesec i pol dana glazbena sekcija se sprema za Festival zabavne glazbe koji se odr\u017eava u \u017dep\u010du, a na\u0161a \u0161kola je predstavnik grada Livna ve\u0107 du\u017ei niz godina. Pro\u0161le godine pobijedila je Marta Rimac na Radio Livnu u emisiji u kojoj sudjeluju natjecatelji iz svih gradova Bosne i Hercegovine. Marta kao pobjednica te emisije se direktno plasirala u finale festivala.<\/p>\n\n\n\n<p>                                                            <\/p>\n\n\n\n<p>              <\/p>\n\n\n\n<figure class=\"wp-block-gallery has-nested-images columns-default is-cropped\">\n<figure class=\"wp-block-image size-large\"><img loading=\"lazy\" width=\"675\" height=\"902\" data-id=\"211\"  src=\"https:\/\/wpsite.osflk-livno.com\/wp-content\/uploads\/2022\/03\/275053590_1551872851851353_3089341761422848182_n-2.jpg\" alt=\"\" class=\"wp-image-211\"\/><\/figure>\n<\/figure>\n\n\n\n<p class=\"has-text-align-center\">Pro\u0161le godine je na Radio Livnu bila samo Marta zbog&nbsp; epidemiolo\u0161kih mjera. Festival je bio online, samo preko radijskog snimka. Osvojila 1. mjesto stru\u010dnog \u017eirija.<\/p>\n\n\n\n<p class=\"has-text-align-center\">Prije korona virusa na radiju je nastupalo od 5 do 7 u\u010denika iz na\u0161e skole, ali budu\u0107i da se sve pomalo vra\u0107a u normalu, mi se spremamo za festival u glazbenom kabinetu s na\u0161om profesoricom glazbe Anom \u0106avar. Spremile su se, Marija Markov 6.b, Ivona Dali\u0107 6.a, Lejla Hod\u017ei\u0107 6.a, Kaja \u0106avar 6.b, Leonarda Ivankovi\u0107 7.a, Mihaela Rimac 7.c i Ines Badrov 9.b.<\/p>\n\n\n\n<p class=\"has-text-align-center\">Ako budu ukinute mjere, nastupit \u0107e na Radio Livnu 5 u\u010denica, Ines Badrov, Leonarda Ivankovi\u0107, Mihaela Rimac, Ivona Dali\u0107 i Marija Markov, a ako bude online kao pro\u0161le godine u natjecateljsku emisiju ide samo Ines Badrov koja je na audicijskom natjecanju imala najvi\u0161e bodova. Emisija \u0107e biti subotom u 10.30 na Radio Livnu, gdje \u0107e osim stru\u010dnog \u017eirija zvati i na\u0161i slu\u0161atelji i glasati za svog favorita.<\/p>\n\n\n\n<p><\/p>\n\n\n\n<figure class=\"wp-block-gallery has-nested-images columns-default is-cropped\">\n<figure class=\"wp-block-image size-large\"><img loading=\"lazy\" width=\"720\" height=\"960\" data-id=\"202\"  src=\"https:\/\/wpsite.osflk-livno.com\/wp-content\/uploads\/2022\/03\/274659035_372684687737429_7042733433138525277_n-1.jpg\" alt=\"\" class=\"wp-image-202\"\/><\/figure>\n\n\n\n<figure class=\"wp-block-image size-large\"><img loading=\"lazy\" width=\"720\" height=\"960\" data-id=\"197\"  src=\"https:\/\/wpsite.osflk-livno.com\/wp-content\/uploads\/2022\/03\/274669909_659872981887885_2991892043414338782_n.jpg\" alt=\"\" class=\"wp-image-197\"\/><\/figure>\n\n\n\n<figure class=\"wp-block-image size-large\"><img loading=\"lazy\" width=\"720\" height=\"960\" data-id=\"199\"  src=\"https:\/\/wpsite.osflk-livno.com\/wp-content\/uploads\/2022\/03\/274764478_239426784975420_3230506740399347545_n-1.jpg\" alt=\"\" class=\"wp-image-199\"\/><\/figure>\n\n\n\n<figure class=\"wp-block-image size-large\"><img loading=\"lazy\" width=\"720\" height=\"960\" data-id=\"201\"  src=\"https:\/\/wpsite.osflk-livno.com\/wp-content\/uploads\/2022\/03\/274834408_4837470049703148_1067817622429028918_n.jpg\" alt=\"\" class=\"wp-image-201\"\/><\/figure>\n\n\n\n<figure class=\"wp-block-image size-full\"><img loading=\"lazy\" width=\"960\" height=\"720\" data-id=\"217\"  src=\"https:\/\/wpsite.osflk-livno.com\/wp-content\/uploads\/2022\/03\/275071017_1631368177199960_6239241191619542565_n-1.jpg\" alt=\"\" class=\"wp-image-217\"\/><\/figure>\n\n\n\n<figure class=\"wp-block-image size-large\"><img loading=\"lazy\" width=\"720\" height=\"960\" data-id=\"198\"  src=\"https:\/\/wpsite.osflk-livno.com\/wp-content\/uploads\/2022\/03\/274845084_235235218820432_6848950336008410734_n-1.jpg\" alt=\"\" class=\"wp-image-198\"\/><\/figure>\n\n\n\n<figure class=\"wp-block-image size-large\"><img loading=\"lazy\" width=\"720\" height=\"960\" data-id=\"203\"  src=\"https:\/\/wpsite.osflk-livno.com\/wp-content\/uploads\/2022\/03\/274882477_686882975682300_8076030832825604080_n-1.jpg\" alt=\"\" class=\"wp-image-203\"\/><\/figure>\n\n\n\n<figure class=\"wp-block-image size-large\"><img loading=\"lazy\" width=\"720\" height=\"960\" data-id=\"204\"  src=\"https:\/\/wpsite.osflk-livno.com\/wp-content\/uploads\/2022\/03\/275106476_375161484425471_4374852536648785041_n.jpg\" alt=\"\" class=\"wp-image-204\"\/><\/figure>\n<\/figure>\n\n\n\n<p><strong>Voditeljica glazbene sekcije (zbor i orkestar) je profesorica glazbe Ana \u0106avar<\/strong>.<\/p>\n","protected":false},"excerpt":{"rendered":"<p>Ve\u0107 mjesec i pol dana glazbena sekcija se sprema za Festival zabavne glazbe koji se odr\u017eava u \u017dep\u010du, a na\u0161a \u0161kola je predstavnik grada Livna ve\u0107 du\u017ei niz godina. Pro\u0161le godine pobijedila je Marta Rimac na Radio Livnu u emisiji u kojoj sudjeluju natjecatelji iz svih gradova Bosne i Hercegovine. Marta kao pobjednica te emisije &hellip; <\/p>\n<p class=\"link-more\"><a href=\"http:\/\/wpsite.osflk-livno.com\/index.php\/2022\/03\/03\/glazbena-sekcija-flk-zbor-orkestar-i-festival\/\" class=\"more-link\">Read more<span class=\"screen-reader-text\"> &#8220;Glazbena sekcija FLK (zbor, orkestar i festival)&#8221;<\/span><\/a><\/p>\n","protected":false},"author":2,"featured_media":0,"comment_status":"closed","ping_status":"open","sticky":false,"template":"","format":"standard","meta":[],"categories":[1],"tags":[],"_links":{"self":[{"href":"http:\/\/wpsite.osflk-livno.com\/index.php\/wp-json\/wp\/v2\/posts\/189"}],"collection":[{"href":"http:\/\/wpsite.osflk-livno.com\/index.php\/wp-json\/wp\/v2\/posts"}],"about":[{"href":"http:\/\/wpsite.osflk-livno.com\/index.php\/wp-json\/wp\/v2\/types\/post"}],"author":[{"embeddable":true,"href":"http:\/\/wpsite.osflk-livno.com\/index.php\/wp-json\/wp\/v2\/users\/2"}],"replies":[{"embeddable":true,"href":"http:\/\/wpsite.osflk-livno.com\/index.php\/wp-json\/wp\/v2\/comments?post=189"}],"version-history":[{"count":9,"href":"http:\/\/wpsite.osflk-livno.com\/index.php\/wp-json\/wp\/v2\/posts\/189\/revisions"}],"predecessor-version":[{"id":219,"href":"http:\/\/wpsite.osflk-livno.com\/index.php\/wp-json\/wp\/v2\/posts\/189\/revisions\/219"}],"wp:attachment":[{"href":"http:\/\/wpsite.osflk-livno.com\/index.php\/wp-json\/wp\/v2\/media?parent=189"}],"wp:term":[{"taxonomy":"category","embeddable":true,"href":"http:\/\/wpsite.osflk-livno.com\/index.php\/wp-json\/wp\/v2\/categories?post=189"},{"taxonomy":"post_tag","embeddable":true,"href":"http:\/\/wpsite.osflk-livno.com\/index.php\/wp-json\/wp\/v2\/tags?post=189"}],"curies":[{"name":"wp","href":"https:\/\/api.w.org\/{rel}","templated":true}]}}