{"id":1809,"date":"2023-07-24T10:56:21","date_gmt":"2023-07-24T10:56:21","guid":{"rendered":"https:\/\/wpsite.osflk-livno.com\/?p=1809"},"modified":"2023-07-24T11:00:47","modified_gmt":"2023-07-24T11:00:47","slug":"osnovna-skola-fra-lovro-karaula-livno-sudjelovala-u-programu-prekogranicne-suradnje-izmedu-republike-hrvatske-i-bosne-i-hercegovine-za-2023-godinu","status":"publish","type":"post","link":"http:\/\/wpsite.osflk-livno.com\/index.php\/2023\/07\/24\/osnovna-skola-fra-lovro-karaula-livno-sudjelovala-u-programu-prekogranicne-suradnje-izmedu-republike-hrvatske-i-bosne-i-hercegovine-za-2023-godinu\/","title":{"rendered":"Osnovna \u0161kola &#8220;Fra Lovro Karaula&#8221; Livno sudjelovala u programu prekograni\u010dne suradnje izme\u0111u Republike Hrvatske i Bosne i Hercegovine za 2023. godinu"},"content":{"rendered":"\n<figure class=\"wp-block-image size-full\"><img loading=\"lazy\" width=\"1600\" height=\"900\" src=\"https:\/\/wpsite.osflk-livno.com\/wp-content\/uploads\/2023\/07\/356914364_793170278951953_3561059271518347826_n.jpg\" alt=\"\" class=\"wp-image-1810\"\/><\/figure>\n\n\n\n<p>Osnovna \u0161kola &#8221; Fra Lovro Karaula&#8221; Livno sudjelovala je u Programu prekograni\u010dne suradnje izme\u0111u Republike Hrvatske i Bosne i Hercegovine za 2023.godinu pod pokroviteljstvom Ministarstva regionalnog razvoja i fondova Europske unije Republike Hrvatske te zahvaljuju\u0107i uspje\u0161noj suradnji s Osnovnom \u0161kolom Fra Bernardina Tome Leakovi\u0107a iz Bo\u0161njaka (RH), projektom pod nazivom &#8220;\u0160kola zajedni\u0161tva&#8221; odobreno je zajedni\u010dko financiranje u iznosu 15.067 EUR za nabavku nove pe\u0107i centralnog grijanja u P\u0160 Podhum. Program prekograni\u010dne suradnje doprinosi osna\u017eivanju pograni\u010dnog podru\u010dja RH i BiH, njegovom gospodarskom i op\u0107em razvoju, ostvarenju prekograni\u010dnih razvojnih potencijala za dobrobit hrvatskog naroda u BiH, stvaranju preduvjeta za sprje\u010davanje iseljavanja stanovni\u0161tva, smanjenju negativnog demografskog trenda i odr\u017eivom razvoju u pograni\u010dnom podru\u010dju. Tako\u0111er, doprinosi osna\u017eivanju i ja\u010danju \u0161kola, razvija zajedni\u0161tvo i suradnju sa \u0161kolama u Republici Hrvatskoj, poti\u010de razmjenu zajedni\u010dkih iskustava te podi\u017ee kvalitetu \u017eivota i integracije cjelokupnog stanovni\u0161tva koje \u017eivi na tim prostorima. Ina\u010de, ovo je prvi odobreni projekt od nekoliko projekata ovog tipa u kojima trenutno sudjeluje Osnovna \u0161kola &#8221; Fra Lovro Karaula&#8221; Livno. Nadamo se uspjehu i u budu\u0107nosti!<\/p>\n","protected":false},"excerpt":{"rendered":"<p>Osnovna \u0161kola &#8221; Fra Lovro Karaula&#8221; Livno sudjelovala je u Programu prekograni\u010dne suradnje izme\u0111u Republike Hrvatske i Bosne i Hercegovine za 2023.godinu pod pokroviteljstvom Ministarstva regionalnog razvoja i fondova Europske unije Republike Hrvatske te zahvaljuju\u0107i uspje\u0161noj suradnji s Osnovnom \u0161kolom Fra Bernardina Tome Leakovi\u0107a iz Bo\u0161njaka (RH), projektom pod nazivom &#8220;\u0160kola zajedni\u0161tva&#8221; odobreno je zajedni\u010dko &hellip; <\/p>\n<p class=\"link-more\"><a href=\"http:\/\/wpsite.osflk-livno.com\/index.php\/2023\/07\/24\/osnovna-skola-fra-lovro-karaula-livno-sudjelovala-u-programu-prekogranicne-suradnje-izmedu-republike-hrvatske-i-bosne-i-hercegovine-za-2023-godinu\/\" class=\"more-link\">Read more<span class=\"screen-reader-text\"> &#8220;Osnovna \u0161kola &#8220;Fra Lovro Karaula&#8221; Livno sudjelovala u programu prekograni\u010dne suradnje izme\u0111u Republike Hrvatske i Bosne i Hercegovine za 2023. godinu&#8221;<\/span><\/a><\/p>\n","protected":false},"author":2,"featured_media":0,"comment_status":"closed","ping_status":"open","sticky":false,"template":"","format":"standard","meta":[],"categories":[1],"tags":[],"_links":{"self":[{"href":"http:\/\/wpsite.osflk-livno.com\/index.php\/wp-json\/wp\/v2\/posts\/1809"}],"collection":[{"href":"http:\/\/wpsite.osflk-livno.com\/index.php\/wp-json\/wp\/v2\/posts"}],"about":[{"href":"http:\/\/wpsite.osflk-livno.com\/index.php\/wp-json\/wp\/v2\/types\/post"}],"author":[{"embeddable":true,"href":"http:\/\/wpsite.osflk-livno.com\/index.php\/wp-json\/wp\/v2\/users\/2"}],"replies":[{"embeddable":true,"href":"http:\/\/wpsite.osflk-livno.com\/index.php\/wp-json\/wp\/v2\/comments?post=1809"}],"version-history":[{"count":2,"href":"http:\/\/wpsite.osflk-livno.com\/index.php\/wp-json\/wp\/v2\/posts\/1809\/revisions"}],"predecessor-version":[{"id":1812,"href":"http:\/\/wpsite.osflk-livno.com\/index.php\/wp-json\/wp\/v2\/posts\/1809\/revisions\/1812"}],"wp:attachment":[{"href":"http:\/\/wpsite.osflk-livno.com\/index.php\/wp-json\/wp\/v2\/media?parent=1809"}],"wp:term":[{"taxonomy":"category","embeddable":true,"href":"http:\/\/wpsite.osflk-livno.com\/index.php\/wp-json\/wp\/v2\/categories?post=1809"},{"taxonomy":"post_tag","embeddable":true,"href":"http:\/\/wpsite.osflk-livno.com\/index.php\/wp-json\/wp\/v2\/tags?post=1809"}],"curies":[{"name":"wp","href":"https:\/\/api.w.org\/{rel}","templated":true}]}}